{"id":606,"date":"2025-04-23T12:36:53","date_gmt":"2025-04-23T09:36:53","guid":{"rendered":"https:\/\/dosario.ro\/blog\/?p=606"},"modified":"2025-12-12T18:26:44","modified_gmt":"2025-12-12T15:26:44","slug":"alegerea-unui-sediu-social-bun-afla-de-ce-conteaza-in-2025","status":"publish","type":"post","link":"https:\/\/dosario.ro\/blog\/alegerea-unui-sediu-social-bun-afla-de-ce-conteaza-in-2025\/","title":{"rendered":"Alegerea unui sediu social bun: afl\u0103 ce conteaz\u0103 \u00een 2025"},"content":{"rendered":"\n<p>S-ar putea s\u0103 par\u0103 un detaliu minor, dar alegerea unui sediu social bun poate face diferen\u021ba dintre o firm\u0103 eficient\u0103 \u0219i una plin\u0103 de complica\u021bii. Adresa pe care o alegi spune ceva despre profesionalismul t\u0103u, despre modul \u00een care \u00ee\u021bi desf\u0103\u0219ori activitatea \u0219i, uneori, chiar despre c\u00e2t de u\u0219or vei colabora cu autorit\u0103\u021bile. \u00cen acest articol, \u00ee\u021bi ar\u0103t\u0103m ce conteaz\u0103 cu adev\u0103rat c\u00e2nd iei aceast\u0103 decizie.<\/p>\n\n\n\n<p>Fie c\u0103 este vorba despre o societate aflat\u0103 \u00een etapa de constituire sau despre o firm\u0103 care dore\u015fte optimizarea structurii sale logistice, selec\u0163ia sediului trebuie tratat\u0103 cu seriozitate, pe baza unor criterii clare \u015fi adaptate specificului activit\u0103\u0163ii desf\u0103\u015furate.<\/p>\n\n\n\n\n\n<h2 class=\"wp-block-heading\">Criterii esen\u021biale la selec\u021bia unui sediu social bun<\/h2>\n\n\n\n<h3 class=\"wp-block-heading\">Pozi\u0163ionare geografic\u0103 \u015fi accesibilitate<\/h3>\n\n\n\n<p>Pentru angaja\u0163i, un sediu amplasat \u00eentr-o zon\u0103 bine conectat\u0103 la re\u0163eaua de transport public reduce timpul pierdut \u00een trafic \u015fi poate \u00eembun\u0103t\u0103\u0163i productivitatea. Pentru clien\u0163i \u015fi parteneri, u\u015furin\u0163a cu care pot ajunge la sediul companiei influen\u0163eaz\u0103 direct calitatea interac\u0163iunii.<\/p>\n\n\n\n<p>Un criteriu esen\u0163ial c\u00e2nd trebuie s\u0103 alegi cel mai bun sediu pentru firma ta \u00eel reprezint\u0103 amplasarea geografic\u0103. O adres\u0103 bine pozi\u0163ionat\u0103 \u2013 cu acces facil la mijloace de transport, \u00een proximitatea centrelor de interes economic \u015fi cu disponibilitate de locuri de parcare \u2013 poate contribui semnificativ la eficientizarea activit\u0103\u0163ii firmei.<\/p>\n\n\n\n<h3 class=\"wp-block-heading\">Relevan\u0163a adresei \u00een consolidarea imaginii companiei<\/h3>\n\n\n\n<p>Adresa sediului social este adesea perceput\u0103 ca un indicator al profesionalismului unei firme. Un sediu \u00eentr-o zon\u0103 de afaceri consacrat\u0103 sau \u00eentr-un imobil cu renume poate contribui la consolidarea \u00eencrederii din partea clien\u0163ilor, investitorilor sau a partenerilor.<\/p>\n\n\n\n<p>Alegerea unei adrese periferice, de\u015fi poate reduce costurile fixe, poate afecta \u00een mod negativ percep\u0163ia public\u0103 asupra firmei, \u00een special \u00een industriile unde imaginea conteaz\u0103. Este esen\u0163ial ca adresa firmei s\u0103 fie aliniat\u0103 cu pozi\u0163ionarea strategic\u0103 a brandului \u015fi cu mesajul transmis pie\u0163ei.<\/p>\n\n\n\n<h3 class=\"wp-block-heading\">Infrastructura de baz\u0103: internet, utilit\u0103\u0163i, parcare<\/h3>\n\n\n\n<p>Un alt criteriu de evaluare \u00eel constituie infrastructura disponibil\u0103 la loca\u0163ia respectiv\u0103. Calitatea conexiunii la internet, stabilitatea re\u0163elei electrice, accesul la ap\u0103 curent\u0103, \u00eenc\u0103lzire \u015fi alte facilit\u0103\u0163i tehnice influen\u0163eaz\u0103 \u00een mod direct desf\u0103\u015furarea activit\u0103\u0163ilor curente.<\/p>\n\n\n\n<p>Pentru companiile care desf\u0103\u015foar\u0103 activit\u0103\u0163i comerciale cu publicul sau care organizeaz\u0103 \u00eent\u00e2lniri frecvente la sediu, prezen\u0163a unor locuri de parcare devine un avantaj competitiv.<\/p>\n\n\n\n<h2 class=\"wp-block-heading\">Analiza costurilor aferente stabilirii sediului social: proprietate, \u00eenchiriere sau g\u0103zduire<\/h2>\n\n\n\n<p>Decizia privind forma de de\u021binere sau utilizare a sediului social are implica\u021bii directe asupra bugetului unei firme, at\u00e2t pe termen scurt, c\u00e2t \u0219i pe termen lung. Exist\u0103 trei op\u021biuni majore: achizi\u021bia unui spa\u021biu, \u00eenchirierea acestuia sau g\u0103zduirea sediului prin intermediul unui ter\u021b.<\/p>\n\n\n\n<h3 class=\"wp-block-heading\">Proprietate: investi\u021bie stabil\u0103, dar costisitoare ini\u021bial<\/h3>\n\n\n\n<p>Achizi\u021bionarea unui imobil ofer\u0103 stabilitate juridic\u0103, independen\u021b\u0103 opera\u021bional\u0103 \u0219i control asupra spa\u021biului, fiind perceput\u0103 drept o investi\u021bie pe termen lung. Totu\u0219i, costurile de intrare sunt semnificative \u2013 at\u00e2t achizi\u021bia propriu-zis\u0103, c\u00e2t \u0219i taxele notariale, impozitul pe transfer \u0219i eventualele renov\u0103ri ini\u021biale.<\/p>\n\n\n\n<p>Pentru companiile aflate la \u00eenceput de drum sau pentru cele care nu necesit\u0103 un spa\u021biu generos, achizi\u021bia poate reprezenta o povar\u0103 financiar\u0103, nejustificat\u0103 \u00een raport cu nevoile reale.<\/p>\n\n\n\n<h3 class=\"wp-block-heading\">\u00cenchiriere: flexibilitate, dar cu expunere la costuri recurente<\/h3>\n\n\n\n<p>\u00cenchirierea unui spa\u021biu pentru sediul social presupune un efort financiar mai redus la \u00eenceput, dar implic\u0103 pl\u0103\u021bi lunare recurente \u0219i o dependen\u021b\u0103 contractual\u0103 de proprietar. Este o solu\u021bie preferat\u0103 de companiile \u00een faz\u0103 de cre\u0219tere, care \u00ee\u0219i pot ajusta mai u\u0219or loca\u021bia \u00een func\u021bie de nevoi.<\/p>\n\n\n\n<p>Pe termen lung \u00eens\u0103, costul total al chiriei poate dep\u0103\u0219i valoarea unui spa\u021biu propriu, mai ales \u00een contextul unor eventuale cre\u0219teri de pre\u021b \u00een zonele cu atractivitate economic\u0103 ridicat\u0103.<\/p>\n\n\n\n<h3 class=\"wp-block-heading\">G\u0103zduirea: variant\u0103 economic\u0103, destinat\u0103 \u00een special startup-urilor<\/h3>\n\n\n\n<p>Pentru firmele care nu desf\u0103\u0219oar\u0103 activitate fizic\u0103 la sediu, g\u0103zduirea adresei sociale prin intermediul unui cabinet de avocatur\u0103 sau al unei firme specializate reprezint\u0103 o solu\u021bie economic\u0103. Costurile anuale pornesc de la 350\u2013450 lei, ceea ce o face accesibil\u0103 pentru antreprenorii afla\u021bi la \u00eenceput de drum.<\/p>\n\n\n\n<p>Aceast\u0103 formul\u0103, \u00eens\u0103, vine cu limit\u0103ri clare: nu permite desf\u0103\u0219urarea efectiv\u0103 a activit\u0103\u021bii la adres\u0103 \u0219i este, \u00een unele cazuri, valabil\u0103 doar pentru o perioad\u0103 determinat\u0103 (ex. 12 luni \u00een cazul g\u0103zduirii prin avocat).<\/p>\n\n\n\n<h3 class=\"wp-block-heading\">Costuri colaterale: taxe locale, \u00eentre\u021binere, relocare<\/h3>\n\n\n\n<p>La costurile de baz\u0103 se adaug\u0103 o serie de cheltuieli colaterale care trebuie atent analizate:<\/p>\n\n\n\n<ul class=\"wp-block-list\">\n<li><strong>Taxe \u0219i impozite locale<\/strong>. Acestea variaz\u0103 \u00een func\u021bie de amplasarea imobilului \u0219i pot influen\u021ba semnificativ cheltuielile anuale. Este recomandat\u0103 consultarea grilelor fiscale \u00eenainte de semnarea oric\u0103rui contract.<\/li>\n\n\n\n<li><strong>\u00centre\u021binere \u0219i renov\u0103ri<\/strong>. Spa\u021biile mai vechi pot necesita lucr\u0103ri de amenajare sau repara\u021bii, cu impact direct \u00een bugetul opera\u021bional. De asemenea, \u00eentre\u021binerea lunar\u0103 (curent, ap\u0103, gaze, salubritate) trebuie estimat\u0103 corect.<\/li>\n\n\n\n<li><strong>Costuri de relocare \u0219i modificare acte<\/strong>. \u00cen cazul unei eventuale schimb\u0103ri de sediu, compania trebuie s\u0103 suporte costuri suplimentare legate de actualizarea actelor la Registrul Comer\u021bului, ob\u021binerea de avize noi, notificarea partenerilor, precum \u0219i eventuale \u00eentreruperi temporare \u00een activitate.<\/li>\n<\/ul>\n\n\n\n<p>Alegerea tipului de sediu social nu este doar o chestiune juridic\u0103, ci o decizie de business care trebuie sus\u021binut\u0103 printr-o analiz\u0103 financiar\u0103 riguroas\u0103 \u0219i adaptat\u0103 obiectivelor pe termen mediu \u0219i lung.<\/p>\n\n\n\n<h2 class=\"wp-block-heading\">Strategie opera\u0163ional\u0103: utilizarea sediului social cu sau f\u0103r\u0103 activitate desf\u0103\u015furat\u0103 efectiv<\/h2>\n\n\n\n<p>Decizia privind desf\u0103\u015furarea efectiv\u0103 a activit\u0103\u0163ii \u00eentr-un sediu social este una care \u0163ine de modelul opera\u0163ional al companiei \u015fi de obiectivele strategice ale acesteia. Utilizarea spa\u0163iului doar ca adres\u0103 legal\u0103 poate fi avantajoas\u0103 din punct de vedere al costurilor. Cu toate acestea, exist\u0103 situa\u0163ii \u00een care o prezen\u0163\u0103 fizic\u0103 activ\u0103 este justificat\u0103 din ra\u0163iuni logistice, comerciale sau de imagine.<\/p>\n\n\n\n<h3 class=\"wp-block-heading\">C\u00e2nd este oportun\u0103 desf\u0103\u015furarea activit\u0103\u0163ii direct \u00een sediul social<\/h3>\n\n\n\n<p>Un sediu social cu activitate implic\u0103 utilizarea spa\u0163iului nu doar pentru coresponden\u0163\u0103 \u015fi arhiv\u0103, ci \u015fi pentru derularea efectiv\u0103 a opera\u0163iunilor firmei \u2013 fie ele comerciale, administrative sau de suport. Aceast\u0103 formul\u0103 este recomandat\u0103 companiilor care doresc:<\/p>\n\n\n\n<ul class=\"wp-block-list\">\n<li>Centralizarea activit\u0103\u0163ilor \u00eentr-un singur punct<\/li>\n\n\n\n<li>Optimizarea proceselor interne \u015fi reducerea costurilor logistice<\/li>\n\n\n\n<li>Cre\u015fterea vizibilit\u0103\u0163ii \u015fi consolidarea credibilit\u0103\u0163ii \u00een rela\u0163ia cu clien\u0163ii \u015fi partenerii<\/li>\n<\/ul>\n\n\n\n<p>Prezen\u0163a fizic\u0103 la adresa sediului social transmite seriozitate, mai ales \u00een industrii unde contactul direct are un rol important.<\/p>\n\n\n\n<h3 class=\"wp-block-heading\">Puncte de lucru: extinderea opera\u0163iunilor \u00een teritoriu<\/h3>\n\n\n\n<p>Pentru afacerile care presupun o activitate distribuit\u0103 sau accesul la pie\u0163e multiple, o solu\u0163ie complementar\u0103 este deschiderea unor <strong>puncte de lucru secundare<\/strong>. Acestea permit desf\u0103\u015furarea activit\u0103\u0163ii \u00een afara sediului social \u015fi pot fi amplasate \u00een orice localitate din Rom\u00e2nia.<\/p>\n\n\n\n<p>\u00cenregistrarea unui punct de lucru presupune parcurgerea unei proceduri administrative la Registrul Comer\u0163ului, care implic\u0103:<\/p>\n\n\n\n<ul class=\"wp-block-list\">\n<li>Depunerea unui dosar de men\u0163iuni<\/li>\n\n\n\n<li>Hot\u0103r\u00e2rea Adun\u0103rii Generale a Asocia\u0163ilor (sau decizia asociatului unic)<\/li>\n\n\n\n<li>Documentul care atest\u0103 dreptul de folosin\u0163\u0103 asupra spa\u0163iului<\/li>\n\n\n\n<li>Acordul asocia\u0163iei de proprietari, dac\u0103 este cazul &#8211; <a href=\"https:\/\/www.onrc.ro\/templates\/site\/formulare\/11-10-160.pdf\">descarc\u0103-l de aici<\/a>.<\/li>\n<\/ul>\n\n\n\n<h3 class=\"wp-block-heading\">Externalizarea serviciilor conexe: arhivare \u015fi coresponden\u0163\u0103<\/h3>\n\n\n\n<p>Pentru companiile care doresc s\u0103 reduc\u0103 sarcinile administrative asociate men\u0163inerii unui sediu opera\u0163ional, externalizarea anumitor servicii devine o op\u0163iune viabil\u0103. Arhivarea documentelor poate fi gestionat\u0103 de firme specializate, ceea ce permite antreprenorilor s\u0103 se concentreze pe activit\u0103\u0163ile de baz\u0103 ale afacerii.<\/p>\n\n\n\n<p>De asemenea, externalizarea primirii \u015fi gestion\u0103rii coresponden\u0163ei oficiale, \u00een special \u00een cazul firmelor g\u0103zduite, poate asigura continuitate \u015fi ordine \u00een fluxul de comunicare cu autorit\u0103\u0163ile.<\/p>\n\n\n\n<h2 class=\"wp-block-heading\">Recomand\u0103ri pentru alegerea \u0219i gestionarea unui sediu social bun<\/h2>\n\n\n\n<p>Stabilirea sediului social nu trebuie tratat\u0103 ca o decizie singular\u0103, ci ca un proces care poate fi optimizat din punct de vedere financiar \u0219i opera\u021bional. Prin utilizarea unor instrumente adecvate \u2013 de la cercet\u0103ri de pia\u021b\u0103 la solu\u021bii flexibile pentru startup-uri \u2013 antreprenorii pot reduce costurile, \u00eembun\u0103t\u0103\u021bi eficien\u021ba \u0219i cre\u0219te adaptabilitatea afacerii.<\/p>\n\n\n\n<h3 class=\"wp-block-heading\">Analiza pie\u021bei imobiliare \u0219i optimizarea negocierilor de chirie<\/h3>\n\n\n\n<p>\u00cenainte de semnarea unui contract de \u00eenchiriere, este recomandabil\u0103 realizarea unui <strong>studiu comparativ al pie\u021bei imobiliare locale<\/strong>. Pre\u021burile afi\u0219ate pe platformele de specialitate nu reflect\u0103 \u00eentotdeauna valorile reale ale tranzac\u021biilor. De aceea, doar o cercetare riguroas\u0103 \u2013 incluz\u00e2nd discu\u021bii directe cu agen\u021bi \u0219i analiza istoricului zonei \u2013 poate furniza un punct de plecare solid \u00een cadrul negocierii.<\/p>\n\n\n\n<p><strong>Tactici utile \u00een procesul de negociere:<\/strong><\/p>\n\n\n\n<ul class=\"wp-block-list\">\n<li>Prezentarea unor oferte similare din aceea\u0219i zon\u0103<\/li>\n\n\n\n<li>Propunerea unor clauze avantajoase pentru proprietar (ex: perioad\u0103 contractual\u0103 mai lung\u0103, garan\u021bii suplimentare)<\/li>\n\n\n\n<li>Flexibilitate \u00een ceea ce prive\u0219te data mut\u0103rii sau preluarea anumitor costuri de \u00eentre\u021binere<\/li>\n<\/ul>\n\n\n\n<p>Negocierea chiriei este o etap\u0103 esen\u021bial\u0103 \u00een structurarea costurilor fixe ale unei companii, cu impact direct asupra marjei opera\u021bionale.<\/p>\n\n\n\n<h3 class=\"wp-block-heading\">Solu\u021bii adaptate pentru startup-uri: coworking \u0219i servicii integrate<\/h3>\n\n\n\n<p>Pentru firmele aflate \u00een faza incipient\u0103, spa\u021biile de tip <strong>coworking<\/strong> reprezint\u0103 o alternativ\u0103 viabil\u0103 la sediile conven\u021bionale. Acestea ofer\u0103 un mix de <strong>costuri predictibile, infrastructur\u0103 complet\u0103 \u0219i flexibilitate contractual\u0103<\/strong>, elimin\u00e2nd astfel nevoia de investi\u021bii ini\u021biale semnificative.<\/p>\n\n\n\n<p>Pachetele pentru startup-uri \u00eencep de la aproximativ 200-300 euro\/lun\u0103 \u0219i includ acces la:<\/p>\n\n\n\n<ul class=\"wp-block-list\">\n<li>Spa\u021bii de birou complet mobilate<\/li>\n\n\n\n<li>S\u0103li de \u0219edin\u021be \u0219i zone comune<\/li>\n\n\n\n<li>Servicii administrative (recep\u021bie, cur\u0103\u021benie, internet, securitate)<\/li>\n\n\n\n<li>O comunitate antreprenorial\u0103 activ\u0103, cu poten\u021bial de colaborare<\/li>\n<\/ul>\n\n\n\n<p>Aceast\u0103 formul\u0103 este ideal\u0103 pentru companiile care doresc s\u0103 creasc\u0103 rapid, dar care prefer\u0103 s\u0103 aloce resursele c\u0103tre alte priorit\u0103\u021bi.<\/p>\n\n\n\n<h2 class=\"wp-block-heading\">Concluzie<\/h2>\n\n\n\n<p><strong>Alegerea unui sediu social bun trebuie privit\u0103 ca parte integrant\u0103 a strategiei de afaceri.<\/strong> Optimizarea deciziei prin analiz\u0103, negociere \u0219i flexibilitate poate genera economii consistente \u0219i poate contribui la adaptabilitatea companiei \u00eentr-un mediu economic dinamic.<\/p>\n\n\n\n<p>O evaluare atent\u0103 a op\u021biunilor disponibile, coroborat\u0103 cu obiectivele de dezvoltare pe termen mediu \u0219i lung, este esen\u021bial\u0103 pentru o decizie fundamentat\u0103. Sper\u0103m c\u0103 acest articol v\u0103 ajut\u0103 s\u0103 alege\u021bi o variant\u0103 potrivit\u0103. <\/p>\n\n\n\n<p>Dac\u0103 vrei s\u0103 rezolvi totul <strong>online, digital \u0219i f\u0103r\u0103 b\u0103t\u0103i de cap,<\/strong> alege varianta care \u021bi se potrive\u0219te:<\/p>\n\n\n\n<div class=\"wp-block-buttons is-layout-flex wp-container-core-buttons-is-layout-132b0da8 wp-block-buttons-is-layout-flex\">\n<div class=\"wp-block-button\"><a class=\"wp-block-button__link wp-element-button\" href=\"https:\/\/dosario.ro\/infiintare-srl\">\u00cenfiin\u021beaz\u0103 un SRL <\/a><\/div>\n\n\n\n<div class=\"wp-block-button\"><a class=\"wp-block-button__link wp-element-button\" href=\"https:\/\/dosario.ro\/infiintare-pfa\">\u00cenfiin\u021beaz\u0103 un PFA<\/a><\/div>\n\n\n\n<div class=\"wp-block-button\"><a class=\"wp-block-button__link wp-element-button\" href=\"https:\/\/dosario.ro\/schimbare-sediu-social\">Schimb\u0103-\u021bi sediul social<\/a><\/div>\n<\/div>\n\n\n\n<p>Ulterior po\u021bi consulta articolul nostru care con\u021bine tot ce <a href=\"https:\/\/dosario.ro\/blog\/sediul-social-al-firmei-tot-ce-trebuie-sa-stii-dupa-inregistrare\/\" target=\"_blank\" rel=\"noreferrer noopener\">trebuie s\u0103 faci dup\u0103 \u00eenregistrarea sediului social<\/a>.<\/p>\n","protected":false},"excerpt":{"rendered":"<p>S-ar putea s\u0103 par\u0103 un detaliu minor, dar alegerea unui sediu social bun poate face diferen\u021ba dintre o firm\u0103 eficient\u0103 \u0219i una plin\u0103 de complica\u021bii&#8230;.<\/p>\n","protected":false},"author":5,"featured_media":607,"comment_status":"closed","ping_status":"open","sticky":false,"template":"","format":"standard","meta":{"_kad_post_transparent":"","_kad_post_title":"","_kad_post_layout":"","_kad_post_sidebar_id":"","_kad_post_content_style":"","_kad_post_vertical_padding":"","_kad_post_feature":"","_kad_post_feature_position":"","_kad_post_header":false,"_kad_post_footer":false,"_kad_post_classname":"","footnotes":""},"categories":[210,5,209,204],"tags":[111,106,203],"class_list":["post-606","post","type-post","status-publish","format-standard","has-post-thumbnail","hentry","category-infiintare-pfa","category-infiintare-srl","category-modificare-firma","category-sediul-social","tag-firma-online","tag-infiintare-srl","tag-sediu-social"],"yoast_head":"<!-- This site is optimized with the Yoast SEO plugin v26.6 - https:\/\/yoast.com\/wordpress\/plugins\/seo\/ -->\n<title>Alegerea unui sediu social bun: afl\u0103 ce conteaz\u0103 \u00een 2025 - Dosario<\/title>\n<meta name=\"description\" content=\"Un sediu social bun aduce beneficii reale pentru imaginea, costurile \u0219i cre\u0219terea firmei. Afl\u0103 cum s\u0103 alegi inteligent \u0219i strategic.\" \/>\n<meta name=\"robots\" content=\"index, follow, max-snippet:-1, max-image-preview:large, max-video-preview:-1\" \/>\n<link rel=\"canonical\" href=\"https:\/\/dosario.ro\/blog\/alegerea-unui-sediu-social-bun-afla-de-ce-conteaza-in-2025\/\" \/>\n<meta property=\"og:locale\" content=\"ro_RO\" \/>\n<meta property=\"og:type\" content=\"article\" \/>\n<meta property=\"og:title\" content=\"Alegerea unui sediu social bun: afl\u0103 ce conteaz\u0103 \u00een 2025 - Dosario\" \/>\n<meta property=\"og:description\" content=\"Un sediu social bun aduce beneficii reale pentru imaginea, costurile \u0219i cre\u0219terea firmei. Afl\u0103 cum s\u0103 alegi inteligent \u0219i strategic.\" \/>\n<meta property=\"og:url\" content=\"https:\/\/dosario.ro\/blog\/alegerea-unui-sediu-social-bun-afla-de-ce-conteaza-in-2025\/\" \/>\n<meta property=\"og:site_name\" content=\"Dosario\" \/>\n<meta property=\"article:publisher\" content=\"https:\/\/www.facebook.com\/dosario.ro\/\" \/>\n<meta property=\"article:published_time\" content=\"2025-04-23T09:36:53+00:00\" \/>\n<meta property=\"article:modified_time\" content=\"2025-12-12T15:26:44+00:00\" \/>\n<meta property=\"og:image\" content=\"http:\/\/dosario.ro\/blog\/wp-content\/uploads\/2025\/04\/sediu-social-2.jpg\" \/>\n\t<meta property=\"og:image:width\" content=\"640\" \/>\n\t<meta property=\"og:image:height\" content=\"427\" \/>\n\t<meta property=\"og:image:type\" content=\"image\/jpeg\" \/>\n<meta name=\"author\" content=\"Redac\u021bia Dosario\" \/>\n<meta name=\"twitter:card\" content=\"summary_large_image\" \/>\n<meta name=\"twitter:label1\" content=\"Scris de\" \/>\n\t<meta name=\"twitter:data1\" content=\"Redac\u021bia Dosario\" \/>\n\t<meta name=\"twitter:label2\" content=\"Timp estimat pentru citire\" \/>\n\t<meta name=\"twitter:data2\" content=\"9 minute\" \/>\n<script type=\"application\/ld+json\" class=\"yoast-schema-graph\">{\"@context\":\"https:\/\/schema.org\",\"@graph\":[{\"@type\":\"Article\",\"@id\":\"https:\/\/dosario.ro\/blog\/alegerea-unui-sediu-social-bun-afla-de-ce-conteaza-in-2025\/#article\",\"isPartOf\":{\"@id\":\"https:\/\/dosario.ro\/blog\/alegerea-unui-sediu-social-bun-afla-de-ce-conteaza-in-2025\/\"},\"author\":{\"name\":\"Redac\u021bia Dosario\",\"@id\":\"https:\/\/dosario.ro\/blog\/#\/schema\/person\/34a5054e447cc7deeee4d9688bca16d4\"},\"headline\":\"Alegerea unui sediu social bun: afl\u0103 ce conteaz\u0103 \u00een 2025\",\"datePublished\":\"2025-04-23T09:36:53+00:00\",\"dateModified\":\"2025-12-12T15:26:44+00:00\",\"mainEntityOfPage\":{\"@id\":\"https:\/\/dosario.ro\/blog\/alegerea-unui-sediu-social-bun-afla-de-ce-conteaza-in-2025\/\"},\"wordCount\":1726,\"publisher\":{\"@id\":\"https:\/\/dosario.ro\/blog\/#organization\"},\"image\":{\"@id\":\"https:\/\/dosario.ro\/blog\/alegerea-unui-sediu-social-bun-afla-de-ce-conteaza-in-2025\/#primaryimage\"},\"thumbnailUrl\":\"https:\/\/dosario.ro\/blog\/wp-content\/uploads\/2025\/04\/sediu-social-2.jpg\",\"keywords\":[\"firma online\",\"infiintare SRL\",\"sediu social\"],\"articleSection\":[\"Infiintare PFA\",\"Infiintare SRL\",\"Modificare firma\",\"Sediul social\"],\"inLanguage\":\"ro-RO\"},{\"@type\":\"WebPage\",\"@id\":\"https:\/\/dosario.ro\/blog\/alegerea-unui-sediu-social-bun-afla-de-ce-conteaza-in-2025\/\",\"url\":\"https:\/\/dosario.ro\/blog\/alegerea-unui-sediu-social-bun-afla-de-ce-conteaza-in-2025\/\",\"name\":\"Alegerea unui sediu social bun: afl\u0103 ce conteaz\u0103 \u00een 2025 - Dosario\",\"isPartOf\":{\"@id\":\"https:\/\/dosario.ro\/blog\/#website\"},\"primaryImageOfPage\":{\"@id\":\"https:\/\/dosario.ro\/blog\/alegerea-unui-sediu-social-bun-afla-de-ce-conteaza-in-2025\/#primaryimage\"},\"image\":{\"@id\":\"https:\/\/dosario.ro\/blog\/alegerea-unui-sediu-social-bun-afla-de-ce-conteaza-in-2025\/#primaryimage\"},\"thumbnailUrl\":\"https:\/\/dosario.ro\/blog\/wp-content\/uploads\/2025\/04\/sediu-social-2.jpg\",\"datePublished\":\"2025-04-23T09:36:53+00:00\",\"dateModified\":\"2025-12-12T15:26:44+00:00\",\"description\":\"Un sediu social bun aduce beneficii reale pentru imaginea, costurile \u0219i cre\u0219terea firmei. Afl\u0103 cum s\u0103 alegi inteligent \u0219i strategic.\",\"breadcrumb\":{\"@id\":\"https:\/\/dosario.ro\/blog\/alegerea-unui-sediu-social-bun-afla-de-ce-conteaza-in-2025\/#breadcrumb\"},\"inLanguage\":\"ro-RO\",\"potentialAction\":[{\"@type\":\"ReadAction\",\"target\":[\"https:\/\/dosario.ro\/blog\/alegerea-unui-sediu-social-bun-afla-de-ce-conteaza-in-2025\/\"]}]},{\"@type\":\"ImageObject\",\"inLanguage\":\"ro-RO\",\"@id\":\"https:\/\/dosario.ro\/blog\/alegerea-unui-sediu-social-bun-afla-de-ce-conteaza-in-2025\/#primaryimage\",\"url\":\"https:\/\/dosario.ro\/blog\/wp-content\/uploads\/2025\/04\/sediu-social-2.jpg\",\"contentUrl\":\"https:\/\/dosario.ro\/blog\/wp-content\/uploads\/2025\/04\/sediu-social-2.jpg\",\"width\":640,\"height\":427,\"caption\":\"cel mai bun sediu pentru firma ta in spatiu de coworking\"},{\"@type\":\"BreadcrumbList\",\"@id\":\"https:\/\/dosario.ro\/blog\/alegerea-unui-sediu-social-bun-afla-de-ce-conteaza-in-2025\/#breadcrumb\",\"itemListElement\":[{\"@type\":\"ListItem\",\"position\":1,\"name\":\"Prima pagin\u0103\",\"item\":\"https:\/\/dosario.ro\/blog\/\"},{\"@type\":\"ListItem\",\"position\":2,\"name\":\"Alegerea unui sediu social bun: afl\u0103 ce conteaz\u0103 \u00een 2025\"}]},{\"@type\":\"WebSite\",\"@id\":\"https:\/\/dosario.ro\/blog\/#website\",\"url\":\"https:\/\/dosario.ro\/blog\/\",\"name\":\"Dosario\",\"description\":\"Informa\u021bii noi despre \u00eenfiin\u021b\u0103ri, modific\u0103ri sau radieri de firme - Gestioneaz\u0103-\u021bi businessul online\",\"publisher\":{\"@id\":\"https:\/\/dosario.ro\/blog\/#organization\"},\"potentialAction\":[{\"@type\":\"SearchAction\",\"target\":{\"@type\":\"EntryPoint\",\"urlTemplate\":\"https:\/\/dosario.ro\/blog\/?s={search_term_string}\"},\"query-input\":{\"@type\":\"PropertyValueSpecification\",\"valueRequired\":true,\"valueName\":\"search_term_string\"}}],\"inLanguage\":\"ro-RO\"},{\"@type\":\"Organization\",\"@id\":\"https:\/\/dosario.ro\/blog\/#organization\",\"name\":\"Dosario Digital SRL\",\"url\":\"https:\/\/dosario.ro\/blog\/\",\"logo\":{\"@type\":\"ImageObject\",\"inLanguage\":\"ro-RO\",\"@id\":\"https:\/\/dosario.ro\/blog\/#\/schema\/logo\/image\/\",\"url\":\"https:\/\/dosario.ro\/blog\/wp-content\/uploads\/2023\/06\/Logopack-png-08.png\",\"contentUrl\":\"https:\/\/dosario.ro\/blog\/wp-content\/uploads\/2023\/06\/Logopack-png-08.png\",\"width\":1937,\"height\":1106,\"caption\":\"Dosario Digital SRL\"},\"image\":{\"@id\":\"https:\/\/dosario.ro\/blog\/#\/schema\/logo\/image\/\"},\"sameAs\":[\"https:\/\/www.facebook.com\/dosario.ro\/\"]},{\"@type\":\"Person\",\"@id\":\"https:\/\/dosario.ro\/blog\/#\/schema\/person\/34a5054e447cc7deeee4d9688bca16d4\",\"name\":\"Redac\u021bia Dosario\",\"image\":{\"@type\":\"ImageObject\",\"inLanguage\":\"ro-RO\",\"@id\":\"https:\/\/dosario.ro\/blog\/#\/schema\/person\/image\/\",\"url\":\"https:\/\/secure.gravatar.com\/avatar\/675d63190514b3f60d5cbcaab003105c175d57adce97777f395e3c56cf5aa495?s=96&d=mm&r=g\",\"contentUrl\":\"https:\/\/secure.gravatar.com\/avatar\/675d63190514b3f60d5cbcaab003105c175d57adce97777f395e3c56cf5aa495?s=96&d=mm&r=g\",\"caption\":\"Redac\u021bia Dosario\"},\"url\":\"https:\/\/dosario.ro\/blog\/author\/redactia-dosario\/\"}]}<\/script>\n<!-- \/ Yoast SEO plugin. -->","yoast_head_json":{"title":"Alegerea unui sediu social bun: afl\u0103 ce conteaz\u0103 \u00een 2025 - Dosario","description":"Un sediu social bun aduce beneficii reale pentru imaginea, costurile \u0219i cre\u0219terea firmei. Afl\u0103 cum s\u0103 alegi inteligent \u0219i strategic.","robots":{"index":"index","follow":"follow","max-snippet":"max-snippet:-1","max-image-preview":"max-image-preview:large","max-video-preview":"max-video-preview:-1"},"canonical":"https:\/\/dosario.ro\/blog\/alegerea-unui-sediu-social-bun-afla-de-ce-conteaza-in-2025\/","og_locale":"ro_RO","og_type":"article","og_title":"Alegerea unui sediu social bun: afl\u0103 ce conteaz\u0103 \u00een 2025 - Dosario","og_description":"Un sediu social bun aduce beneficii reale pentru imaginea, costurile \u0219i cre\u0219terea firmei. Afl\u0103 cum s\u0103 alegi inteligent \u0219i strategic.","og_url":"https:\/\/dosario.ro\/blog\/alegerea-unui-sediu-social-bun-afla-de-ce-conteaza-in-2025\/","og_site_name":"Dosario","article_publisher":"https:\/\/www.facebook.com\/dosario.ro\/","article_published_time":"2025-04-23T09:36:53+00:00","article_modified_time":"2025-12-12T15:26:44+00:00","og_image":[{"width":640,"height":427,"url":"http:\/\/dosario.ro\/blog\/wp-content\/uploads\/2025\/04\/sediu-social-2.jpg","type":"image\/jpeg"}],"author":"Redac\u021bia Dosario","twitter_card":"summary_large_image","twitter_misc":{"Scris de":"Redac\u021bia Dosario","Timp estimat pentru citire":"9 minute"},"schema":{"@context":"https:\/\/schema.org","@graph":[{"@type":"Article","@id":"https:\/\/dosario.ro\/blog\/alegerea-unui-sediu-social-bun-afla-de-ce-conteaza-in-2025\/#article","isPartOf":{"@id":"https:\/\/dosario.ro\/blog\/alegerea-unui-sediu-social-bun-afla-de-ce-conteaza-in-2025\/"},"author":{"name":"Redac\u021bia Dosario","@id":"https:\/\/dosario.ro\/blog\/#\/schema\/person\/34a5054e447cc7deeee4d9688bca16d4"},"headline":"Alegerea unui sediu social bun: afl\u0103 ce conteaz\u0103 \u00een 2025","datePublished":"2025-04-23T09:36:53+00:00","dateModified":"2025-12-12T15:26:44+00:00","mainEntityOfPage":{"@id":"https:\/\/dosario.ro\/blog\/alegerea-unui-sediu-social-bun-afla-de-ce-conteaza-in-2025\/"},"wordCount":1726,"publisher":{"@id":"https:\/\/dosario.ro\/blog\/#organization"},"image":{"@id":"https:\/\/dosario.ro\/blog\/alegerea-unui-sediu-social-bun-afla-de-ce-conteaza-in-2025\/#primaryimage"},"thumbnailUrl":"https:\/\/dosario.ro\/blog\/wp-content\/uploads\/2025\/04\/sediu-social-2.jpg","keywords":["firma online","infiintare SRL","sediu social"],"articleSection":["Infiintare PFA","Infiintare SRL","Modificare firma","Sediul social"],"inLanguage":"ro-RO"},{"@type":"WebPage","@id":"https:\/\/dosario.ro\/blog\/alegerea-unui-sediu-social-bun-afla-de-ce-conteaza-in-2025\/","url":"https:\/\/dosario.ro\/blog\/alegerea-unui-sediu-social-bun-afla-de-ce-conteaza-in-2025\/","name":"Alegerea unui sediu social bun: afl\u0103 ce conteaz\u0103 \u00een 2025 - Dosario","isPartOf":{"@id":"https:\/\/dosario.ro\/blog\/#website"},"primaryImageOfPage":{"@id":"https:\/\/dosario.ro\/blog\/alegerea-unui-sediu-social-bun-afla-de-ce-conteaza-in-2025\/#primaryimage"},"image":{"@id":"https:\/\/dosario.ro\/blog\/alegerea-unui-sediu-social-bun-afla-de-ce-conteaza-in-2025\/#primaryimage"},"thumbnailUrl":"https:\/\/dosario.ro\/blog\/wp-content\/uploads\/2025\/04\/sediu-social-2.jpg","datePublished":"2025-04-23T09:36:53+00:00","dateModified":"2025-12-12T15:26:44+00:00","description":"Un sediu social bun aduce beneficii reale pentru imaginea, costurile \u0219i cre\u0219terea firmei. Afl\u0103 cum s\u0103 alegi inteligent \u0219i strategic.","breadcrumb":{"@id":"https:\/\/dosario.ro\/blog\/alegerea-unui-sediu-social-bun-afla-de-ce-conteaza-in-2025\/#breadcrumb"},"inLanguage":"ro-RO","potentialAction":[{"@type":"ReadAction","target":["https:\/\/dosario.ro\/blog\/alegerea-unui-sediu-social-bun-afla-de-ce-conteaza-in-2025\/"]}]},{"@type":"ImageObject","inLanguage":"ro-RO","@id":"https:\/\/dosario.ro\/blog\/alegerea-unui-sediu-social-bun-afla-de-ce-conteaza-in-2025\/#primaryimage","url":"https:\/\/dosario.ro\/blog\/wp-content\/uploads\/2025\/04\/sediu-social-2.jpg","contentUrl":"https:\/\/dosario.ro\/blog\/wp-content\/uploads\/2025\/04\/sediu-social-2.jpg","width":640,"height":427,"caption":"cel mai bun sediu pentru firma ta in spatiu de coworking"},{"@type":"BreadcrumbList","@id":"https:\/\/dosario.ro\/blog\/alegerea-unui-sediu-social-bun-afla-de-ce-conteaza-in-2025\/#breadcrumb","itemListElement":[{"@type":"ListItem","position":1,"name":"Prima pagin\u0103","item":"https:\/\/dosario.ro\/blog\/"},{"@type":"ListItem","position":2,"name":"Alegerea unui sediu social bun: afl\u0103 ce conteaz\u0103 \u00een 2025"}]},{"@type":"WebSite","@id":"https:\/\/dosario.ro\/blog\/#website","url":"https:\/\/dosario.ro\/blog\/","name":"Dosario","description":"Informa\u021bii noi despre \u00eenfiin\u021b\u0103ri, modific\u0103ri sau radieri de firme - Gestioneaz\u0103-\u021bi businessul online","publisher":{"@id":"https:\/\/dosario.ro\/blog\/#organization"},"potentialAction":[{"@type":"SearchAction","target":{"@type":"EntryPoint","urlTemplate":"https:\/\/dosario.ro\/blog\/?s={search_term_string}"},"query-input":{"@type":"PropertyValueSpecification","valueRequired":true,"valueName":"search_term_string"}}],"inLanguage":"ro-RO"},{"@type":"Organization","@id":"https:\/\/dosario.ro\/blog\/#organization","name":"Dosario Digital SRL","url":"https:\/\/dosario.ro\/blog\/","logo":{"@type":"ImageObject","inLanguage":"ro-RO","@id":"https:\/\/dosario.ro\/blog\/#\/schema\/logo\/image\/","url":"https:\/\/dosario.ro\/blog\/wp-content\/uploads\/2023\/06\/Logopack-png-08.png","contentUrl":"https:\/\/dosario.ro\/blog\/wp-content\/uploads\/2023\/06\/Logopack-png-08.png","width":1937,"height":1106,"caption":"Dosario Digital SRL"},"image":{"@id":"https:\/\/dosario.ro\/blog\/#\/schema\/logo\/image\/"},"sameAs":["https:\/\/www.facebook.com\/dosario.ro\/"]},{"@type":"Person","@id":"https:\/\/dosario.ro\/blog\/#\/schema\/person\/34a5054e447cc7deeee4d9688bca16d4","name":"Redac\u021bia Dosario","image":{"@type":"ImageObject","inLanguage":"ro-RO","@id":"https:\/\/dosario.ro\/blog\/#\/schema\/person\/image\/","url":"https:\/\/secure.gravatar.com\/avatar\/675d63190514b3f60d5cbcaab003105c175d57adce97777f395e3c56cf5aa495?s=96&d=mm&r=g","contentUrl":"https:\/\/secure.gravatar.com\/avatar\/675d63190514b3f60d5cbcaab003105c175d57adce97777f395e3c56cf5aa495?s=96&d=mm&r=g","caption":"Redac\u021bia Dosario"},"url":"https:\/\/dosario.ro\/blog\/author\/redactia-dosario\/"}]}},"_links":{"self":[{"href":"https:\/\/dosario.ro\/blog\/wp-json\/wp\/v2\/posts\/606","targetHints":{"allow":["GET"]}}],"collection":[{"href":"https:\/\/dosario.ro\/blog\/wp-json\/wp\/v2\/posts"}],"about":[{"href":"https:\/\/dosario.ro\/blog\/wp-json\/wp\/v2\/types\/post"}],"author":[{"embeddable":true,"href":"https:\/\/dosario.ro\/blog\/wp-json\/wp\/v2\/users\/5"}],"replies":[{"embeddable":true,"href":"https:\/\/dosario.ro\/blog\/wp-json\/wp\/v2\/comments?post=606"}],"version-history":[{"count":11,"href":"https:\/\/dosario.ro\/blog\/wp-json\/wp\/v2\/posts\/606\/revisions"}],"predecessor-version":[{"id":1135,"href":"https:\/\/dosario.ro\/blog\/wp-json\/wp\/v2\/posts\/606\/revisions\/1135"}],"wp:featuredmedia":[{"embeddable":true,"href":"https:\/\/dosario.ro\/blog\/wp-json\/wp\/v2\/media\/607"}],"wp:attachment":[{"href":"https:\/\/dosario.ro\/blog\/wp-json\/wp\/v2\/media?parent=606"}],"wp:term":[{"taxonomy":"category","embeddable":true,"href":"https:\/\/dosario.ro\/blog\/wp-json\/wp\/v2\/categories?post=606"},{"taxonomy":"post_tag","embeddable":true,"href":"https:\/\/dosario.ro\/blog\/wp-json\/wp\/v2\/tags?post=606"}],"curies":[{"name":"wp","href":"https:\/\/api.w.org\/{rel}","templated":true}]}}