{"id":470,"date":"2024-08-27T20:40:17","date_gmt":"2024-08-27T17:40:17","guid":{"rendered":"https:\/\/dosario.ro\/blog\/?p=470"},"modified":"2025-04-24T15:03:01","modified_gmt":"2025-04-24T12:03:01","slug":"amnisitie-fiscala-pentru-srl-si-pfa-cu-datorii-in-2024","status":"publish","type":"post","link":"https:\/\/dosario.ro\/blog\/amnisitie-fiscala-pentru-srl-si-pfa-cu-datorii-in-2024\/","title":{"rendered":"Amnistie fiscal\u0103 pentru SRL \u0219i PFA cu datorii \u00een 2024"},"content":{"rendered":"\n<p>Ministerul Fina\u021belor pregate\u0219te un nou proiect de Ordonan\u021b\u0103 de Urgen\u021b\u0103, conform c\u0103ruia se vor anula dob\u00e2nzile, penalit\u0103\u021bile \u0219i alte accesorii aferente obliga\u021biilor bugetare restante p\u00e2n\u0103 la 31 august 2024, \u00een propor\u021bie de 85%.  Av\u00e2nd \u00een vedere cuantumul accesoriilor de 0.1% dob\u00e2nzile \u0219i 0.2% penalit\u0103\u021bile, este vorba despre sume considerabile \u00een cazul multor contribuabili.<\/p>\n\n\n\n<figure class=\"wp-block-image size-full\"><img fetchpriority=\"high\" decoding=\"async\" width=\"962\" height=\"387\" src=\"https:\/\/dosario.ro\/blog\/wp-content\/uploads\/2024\/08\/WhatsApp-Image-2024-08-27-at-19.11.21.jpeg\" alt=\"\" class=\"wp-image-471\" srcset=\"https:\/\/dosario.ro\/blog\/wp-content\/uploads\/2024\/08\/WhatsApp-Image-2024-08-27-at-19.11.21.jpeg 962w, https:\/\/dosario.ro\/blog\/wp-content\/uploads\/2024\/08\/WhatsApp-Image-2024-08-27-at-19.11.21-300x121.jpeg 300w, https:\/\/dosario.ro\/blog\/wp-content\/uploads\/2024\/08\/WhatsApp-Image-2024-08-27-at-19.11.21-768x309.jpeg 768w\" sizes=\"(max-width: 962px) 100vw, 962px\" \/><\/figure>\n\n\n\n<p>Vor beneficia de anularea datoriilor bugetare, \u00een cuantumul \u00eenregistrat la data de 15 august 2024, firmele care vor \u00eendeplini urm\u0103toarele condi\u021bii:<\/p>\n\n\n\n<ul class=\"wp-block-list\">\n<li>s\u0103 aib\u0103 toate declara\u021biile depuse la zi;<\/li>\n\n\n\n<li>s\u0103 achite principalul \u0219i 85% din penalit\u0103\u021bi p\u00e2n\u0103 la data de 15 decembrie 2024;<\/li>\n\n\n\n<li>s\u0103 depui o cerere la ANAF;<\/li>\n<\/ul>\n\n\n\n<p>\u00cen primele \u0219ase luni ale anului 2024 au fost <a href=\"https:\/\/dosario.ro\/radiere-srl\">radiate<\/a> un num\u0103r de 45547 firme, cu 34,38% mai multe dec\u00e2t primele \u0219ase luni ale anului 2023, iar num\u0103rul acestora va cre\u0219te datorit\u0103 schimb\u0103rilor fiscale care se prefigureaz\u0103. Num\u0103rul <a href=\"https:\/\/dosario.ro\/infiintare-srl\">\u00eenmatricul\u0103rilor de SRL<\/a> \u0219i de PFA au sc\u0103zut de asemenea cu peste 12% \u00een primele \u0219ase luni ale anului 2024, ceea ce denot\u0103 un apetit tot mai sc\u0103zut pentru antreprenoriat.<\/p>\n\n\n\n<p>Un aspect greu de justificat  al proiectului este prevederea conform c\u0103reia cei care \u00ee\u0219i achit\u0103 restan\u021bele, \u00eempreun\u0103 cu 15% din accesoriile restante, pot beneficia de un credit fiscal de 10% din valoarea impozitelor restante achitate. Practic, acest lucru se traduce \u00eentr-o reducere de 10%  din datoriile viitoare, ceea ce suscitat pe bun\u0103 dreptate critici. <\/p>\n\n\n\n<p>Motiva\u021bia Ministerului Finan\u021belor pentru acest proiect de OUG este uria\u0219ul deficit bugetar (\u00eentr-un an electoral) \u0219i nevoia major\u0103 de atragere de fonduri la buget. S\u0103 sper\u0103m m\u0103car, c\u0103 un efect pozitiv va fi sc\u0103derea num\u0103rului de firme care vir fi radiate \u0219i <a href=\"https:\/\/dosario.ro\/modificare-firma\">suspendate<\/a>. Urmeaz\u0103 s\u0103 vedem dup\u0103 ce se adopt\u0103 ordonan\u021ba de urgen\u021b\u0103, dac\u0103 se p\u0103streaz\u0103 forma vehiculat\u0103 \u00een prezent.<\/p>\n","protected":false},"excerpt":{"rendered":"<p>Ministerul Fina\u021belor pregate\u0219te un nou proiect de Ordonan\u021b\u0103 de Urgen\u021b\u0103, conform c\u0103ruia se vor anula dob\u00e2nzile, penalit\u0103\u021bile \u0219i alte accesorii aferente obliga\u021biilor bugetare restante p\u00e2n\u0103&#8230;<\/p>\n","protected":false},"author":2,"featured_media":0,"comment_status":"closed","ping_status":"open","sticky":false,"template":"","format":"standard","meta":{"_kad_post_transparent":"","_kad_post_title":"","_kad_post_layout":"","_kad_post_sidebar_id":"","_kad_post_content_style":"","_kad_post_vertical_padding":"","_kad_post_feature":"","_kad_post_feature_position":"","_kad_post_header":false,"_kad_post_footer":false,"_kad_post_classname":"","footnotes":""},"categories":[4,210,5,209,112],"tags":[183],"class_list":["post-470","post","type-post","status-publish","format-standard","hentry","category-fiscalitate-contabilitate","category-infiintare-pfa","category-infiintare-srl","category-modificare-firma","category-taxe-si-impozite","tag-aministie-fiscala-2024"],"yoast_head":"<!-- This site is optimized with the Yoast SEO plugin v26.6 - https:\/\/yoast.com\/wordpress\/plugins\/seo\/ -->\n<title>Amnistie fiscal\u0103 pentru SRL \u0219i PFA cu datorii \u00een 2024 - Dosario<\/title>\n<meta name=\"robots\" content=\"index, follow, max-snippet:-1, max-image-preview:large, max-video-preview:-1\" \/>\n<link rel=\"canonical\" href=\"https:\/\/dosario.ro\/blog\/amnisitie-fiscala-pentru-srl-si-pfa-cu-datorii-in-2024\/\" \/>\n<meta property=\"og:locale\" content=\"ro_RO\" \/>\n<meta property=\"og:type\" content=\"article\" \/>\n<meta property=\"og:title\" content=\"Amnistie fiscal\u0103 pentru SRL \u0219i PFA cu datorii \u00een 2024 - Dosario\" \/>\n<meta property=\"og:description\" content=\"Ministerul Fina\u021belor pregate\u0219te un nou proiect de Ordonan\u021b\u0103 de Urgen\u021b\u0103, conform c\u0103ruia se vor anula dob\u00e2nzile, penalit\u0103\u021bile \u0219i alte accesorii aferente obliga\u021biilor bugetare restante p\u00e2n\u0103...\" \/>\n<meta property=\"og:url\" content=\"https:\/\/dosario.ro\/blog\/amnisitie-fiscala-pentru-srl-si-pfa-cu-datorii-in-2024\/\" \/>\n<meta property=\"og:site_name\" content=\"Dosario\" \/>\n<meta property=\"article:publisher\" content=\"https:\/\/www.facebook.com\/dosario.ro\/\" \/>\n<meta property=\"article:published_time\" content=\"2024-08-27T17:40:17+00:00\" \/>\n<meta property=\"article:modified_time\" content=\"2025-04-24T12:03:01+00:00\" \/>\n<meta property=\"og:image\" content=\"https:\/\/dosario.ro\/blog\/wp-content\/uploads\/2024\/08\/WhatsApp-Image-2024-08-27-at-19.11.21.jpeg\" \/>\n<meta name=\"author\" content=\"Mara\" \/>\n<meta name=\"twitter:card\" content=\"summary_large_image\" \/>\n<meta name=\"twitter:label1\" content=\"Scris de\" \/>\n\t<meta name=\"twitter:data1\" content=\"Mara\" \/>\n\t<meta name=\"twitter:label2\" content=\"Timp estimat pentru citire\" \/>\n\t<meta name=\"twitter:data2\" content=\"2 minute\" \/>\n<script type=\"application\/ld+json\" class=\"yoast-schema-graph\">{\"@context\":\"https:\/\/schema.org\",\"@graph\":[{\"@type\":\"Article\",\"@id\":\"https:\/\/dosario.ro\/blog\/amnisitie-fiscala-pentru-srl-si-pfa-cu-datorii-in-2024\/#article\",\"isPartOf\":{\"@id\":\"https:\/\/dosario.ro\/blog\/amnisitie-fiscala-pentru-srl-si-pfa-cu-datorii-in-2024\/\"},\"author\":{\"name\":\"Mara\",\"@id\":\"https:\/\/dosario.ro\/blog\/#\/schema\/person\/cdf638e905815a4f1b8d621acd6ff2a2\"},\"headline\":\"Amnistie fiscal\u0103 pentru SRL \u0219i PFA cu datorii \u00een 2024\",\"datePublished\":\"2024-08-27T17:40:17+00:00\",\"dateModified\":\"2025-04-24T12:03:01+00:00\",\"mainEntityOfPage\":{\"@id\":\"https:\/\/dosario.ro\/blog\/amnisitie-fiscala-pentru-srl-si-pfa-cu-datorii-in-2024\/\"},\"wordCount\":309,\"publisher\":{\"@id\":\"https:\/\/dosario.ro\/blog\/#organization\"},\"image\":{\"@id\":\"https:\/\/dosario.ro\/blog\/amnisitie-fiscala-pentru-srl-si-pfa-cu-datorii-in-2024\/#primaryimage\"},\"thumbnailUrl\":\"https:\/\/dosario.ro\/blog\/wp-content\/uploads\/2024\/08\/WhatsApp-Image-2024-08-27-at-19.11.21.jpeg\",\"keywords\":[\"aministie fiscal\u0103 2024\"],\"articleSection\":[\"Drept fiscal \u0219i contabilitate\",\"Infiintare PFA\",\"Infiintare SRL\",\"Modificare firma\",\"Taxe si impozite\"],\"inLanguage\":\"ro-RO\"},{\"@type\":\"WebPage\",\"@id\":\"https:\/\/dosario.ro\/blog\/amnisitie-fiscala-pentru-srl-si-pfa-cu-datorii-in-2024\/\",\"url\":\"https:\/\/dosario.ro\/blog\/amnisitie-fiscala-pentru-srl-si-pfa-cu-datorii-in-2024\/\",\"name\":\"Amnistie fiscal\u0103 pentru SRL \u0219i PFA cu datorii \u00een 2024 - Dosario\",\"isPartOf\":{\"@id\":\"https:\/\/dosario.ro\/blog\/#website\"},\"primaryImageOfPage\":{\"@id\":\"https:\/\/dosario.ro\/blog\/amnisitie-fiscala-pentru-srl-si-pfa-cu-datorii-in-2024\/#primaryimage\"},\"image\":{\"@id\":\"https:\/\/dosario.ro\/blog\/amnisitie-fiscala-pentru-srl-si-pfa-cu-datorii-in-2024\/#primaryimage\"},\"thumbnailUrl\":\"https:\/\/dosario.ro\/blog\/wp-content\/uploads\/2024\/08\/WhatsApp-Image-2024-08-27-at-19.11.21.jpeg\",\"datePublished\":\"2024-08-27T17:40:17+00:00\",\"dateModified\":\"2025-04-24T12:03:01+00:00\",\"breadcrumb\":{\"@id\":\"https:\/\/dosario.ro\/blog\/amnisitie-fiscala-pentru-srl-si-pfa-cu-datorii-in-2024\/#breadcrumb\"},\"inLanguage\":\"ro-RO\",\"potentialAction\":[{\"@type\":\"ReadAction\",\"target\":[\"https:\/\/dosario.ro\/blog\/amnisitie-fiscala-pentru-srl-si-pfa-cu-datorii-in-2024\/\"]}]},{\"@type\":\"ImageObject\",\"inLanguage\":\"ro-RO\",\"@id\":\"https:\/\/dosario.ro\/blog\/amnisitie-fiscala-pentru-srl-si-pfa-cu-datorii-in-2024\/#primaryimage\",\"url\":\"https:\/\/dosario.ro\/blog\/wp-content\/uploads\/2024\/08\/WhatsApp-Image-2024-08-27-at-19.11.21.jpeg\",\"contentUrl\":\"https:\/\/dosario.ro\/blog\/wp-content\/uploads\/2024\/08\/WhatsApp-Image-2024-08-27-at-19.11.21.jpeg\",\"width\":962,\"height\":387},{\"@type\":\"BreadcrumbList\",\"@id\":\"https:\/\/dosario.ro\/blog\/amnisitie-fiscala-pentru-srl-si-pfa-cu-datorii-in-2024\/#breadcrumb\",\"itemListElement\":[{\"@type\":\"ListItem\",\"position\":1,\"name\":\"Prima pagin\u0103\",\"item\":\"https:\/\/dosario.ro\/blog\/\"},{\"@type\":\"ListItem\",\"position\":2,\"name\":\"Amnistie fiscal\u0103 pentru SRL \u0219i PFA cu datorii \u00een 2024\"}]},{\"@type\":\"WebSite\",\"@id\":\"https:\/\/dosario.ro\/blog\/#website\",\"url\":\"https:\/\/dosario.ro\/blog\/\",\"name\":\"Dosario\",\"description\":\"Informa\u021bii noi despre \u00eenfiin\u021b\u0103ri, modific\u0103ri sau radieri de firme - Gestioneaz\u0103-\u021bi businessul online\",\"publisher\":{\"@id\":\"https:\/\/dosario.ro\/blog\/#organization\"},\"potentialAction\":[{\"@type\":\"SearchAction\",\"target\":{\"@type\":\"EntryPoint\",\"urlTemplate\":\"https:\/\/dosario.ro\/blog\/?s={search_term_string}\"},\"query-input\":{\"@type\":\"PropertyValueSpecification\",\"valueRequired\":true,\"valueName\":\"search_term_string\"}}],\"inLanguage\":\"ro-RO\"},{\"@type\":\"Organization\",\"@id\":\"https:\/\/dosario.ro\/blog\/#organization\",\"name\":\"Dosario Digital SRL\",\"url\":\"https:\/\/dosario.ro\/blog\/\",\"logo\":{\"@type\":\"ImageObject\",\"inLanguage\":\"ro-RO\",\"@id\":\"https:\/\/dosario.ro\/blog\/#\/schema\/logo\/image\/\",\"url\":\"https:\/\/dosario.ro\/blog\/wp-content\/uploads\/2023\/06\/Logopack-png-08.png\",\"contentUrl\":\"https:\/\/dosario.ro\/blog\/wp-content\/uploads\/2023\/06\/Logopack-png-08.png\",\"width\":1937,\"height\":1106,\"caption\":\"Dosario Digital SRL\"},\"image\":{\"@id\":\"https:\/\/dosario.ro\/blog\/#\/schema\/logo\/image\/\"},\"sameAs\":[\"https:\/\/www.facebook.com\/dosario.ro\/\"]},{\"@type\":\"Person\",\"@id\":\"https:\/\/dosario.ro\/blog\/#\/schema\/person\/cdf638e905815a4f1b8d621acd6ff2a2\",\"name\":\"Mara\",\"image\":{\"@type\":\"ImageObject\",\"inLanguage\":\"ro-RO\",\"@id\":\"https:\/\/dosario.ro\/blog\/#\/schema\/person\/image\/\",\"url\":\"https:\/\/secure.gravatar.com\/avatar\/8df35ab2e90adde4709c95404e161882deb18411819630e0d9e7d2ccd24f4633?s=96&d=mm&r=g\",\"contentUrl\":\"https:\/\/secure.gravatar.com\/avatar\/8df35ab2e90adde4709c95404e161882deb18411819630e0d9e7d2ccd24f4633?s=96&d=mm&r=g\",\"caption\":\"Mara\"},\"description\":\"Mara Iliescu scrie pentru Dosario.ro despre legisla\u021bie \u0219i antreprenoriat digital. Abordeaz\u0103 pe \u00een\u021belesul tuturor subiecte legate de \u00eenfiin\u021barea, modificarea \u0219i radierea firmelor, oferind solu\u021bii practice \u0219i actualizate pentru antreprenorii din Rom\u00e2nia.\",\"sameAs\":[\"https:\/\/dosario.ro\"],\"url\":\"https:\/\/dosario.ro\/blog\/author\/adrian-parvu\/\"}]}<\/script>\n<!-- \/ Yoast SEO plugin. -->","yoast_head_json":{"title":"Amnistie fiscal\u0103 pentru SRL \u0219i PFA cu datorii \u00een 2024 - Dosario","robots":{"index":"index","follow":"follow","max-snippet":"max-snippet:-1","max-image-preview":"max-image-preview:large","max-video-preview":"max-video-preview:-1"},"canonical":"https:\/\/dosario.ro\/blog\/amnisitie-fiscala-pentru-srl-si-pfa-cu-datorii-in-2024\/","og_locale":"ro_RO","og_type":"article","og_title":"Amnistie fiscal\u0103 pentru SRL \u0219i PFA cu datorii \u00een 2024 - Dosario","og_description":"Ministerul Fina\u021belor pregate\u0219te un nou proiect de Ordonan\u021b\u0103 de Urgen\u021b\u0103, conform c\u0103ruia se vor anula dob\u00e2nzile, penalit\u0103\u021bile \u0219i alte accesorii aferente obliga\u021biilor bugetare restante p\u00e2n\u0103...","og_url":"https:\/\/dosario.ro\/blog\/amnisitie-fiscala-pentru-srl-si-pfa-cu-datorii-in-2024\/","og_site_name":"Dosario","article_publisher":"https:\/\/www.facebook.com\/dosario.ro\/","article_published_time":"2024-08-27T17:40:17+00:00","article_modified_time":"2025-04-24T12:03:01+00:00","og_image":[{"url":"https:\/\/dosario.ro\/blog\/wp-content\/uploads\/2024\/08\/WhatsApp-Image-2024-08-27-at-19.11.21.jpeg","type":"","width":"","height":""}],"author":"Mara","twitter_card":"summary_large_image","twitter_misc":{"Scris de":"Mara","Timp estimat pentru citire":"2 minute"},"schema":{"@context":"https:\/\/schema.org","@graph":[{"@type":"Article","@id":"https:\/\/dosario.ro\/blog\/amnisitie-fiscala-pentru-srl-si-pfa-cu-datorii-in-2024\/#article","isPartOf":{"@id":"https:\/\/dosario.ro\/blog\/amnisitie-fiscala-pentru-srl-si-pfa-cu-datorii-in-2024\/"},"author":{"name":"Mara","@id":"https:\/\/dosario.ro\/blog\/#\/schema\/person\/cdf638e905815a4f1b8d621acd6ff2a2"},"headline":"Amnistie fiscal\u0103 pentru SRL \u0219i PFA cu datorii \u00een 2024","datePublished":"2024-08-27T17:40:17+00:00","dateModified":"2025-04-24T12:03:01+00:00","mainEntityOfPage":{"@id":"https:\/\/dosario.ro\/blog\/amnisitie-fiscala-pentru-srl-si-pfa-cu-datorii-in-2024\/"},"wordCount":309,"publisher":{"@id":"https:\/\/dosario.ro\/blog\/#organization"},"image":{"@id":"https:\/\/dosario.ro\/blog\/amnisitie-fiscala-pentru-srl-si-pfa-cu-datorii-in-2024\/#primaryimage"},"thumbnailUrl":"https:\/\/dosario.ro\/blog\/wp-content\/uploads\/2024\/08\/WhatsApp-Image-2024-08-27-at-19.11.21.jpeg","keywords":["aministie fiscal\u0103 2024"],"articleSection":["Drept fiscal \u0219i contabilitate","Infiintare PFA","Infiintare SRL","Modificare firma","Taxe si impozite"],"inLanguage":"ro-RO"},{"@type":"WebPage","@id":"https:\/\/dosario.ro\/blog\/amnisitie-fiscala-pentru-srl-si-pfa-cu-datorii-in-2024\/","url":"https:\/\/dosario.ro\/blog\/amnisitie-fiscala-pentru-srl-si-pfa-cu-datorii-in-2024\/","name":"Amnistie fiscal\u0103 pentru SRL \u0219i PFA cu datorii \u00een 2024 - Dosario","isPartOf":{"@id":"https:\/\/dosario.ro\/blog\/#website"},"primaryImageOfPage":{"@id":"https:\/\/dosario.ro\/blog\/amnisitie-fiscala-pentru-srl-si-pfa-cu-datorii-in-2024\/#primaryimage"},"image":{"@id":"https:\/\/dosario.ro\/blog\/amnisitie-fiscala-pentru-srl-si-pfa-cu-datorii-in-2024\/#primaryimage"},"thumbnailUrl":"https:\/\/dosario.ro\/blog\/wp-content\/uploads\/2024\/08\/WhatsApp-Image-2024-08-27-at-19.11.21.jpeg","datePublished":"2024-08-27T17:40:17+00:00","dateModified":"2025-04-24T12:03:01+00:00","breadcrumb":{"@id":"https:\/\/dosario.ro\/blog\/amnisitie-fiscala-pentru-srl-si-pfa-cu-datorii-in-2024\/#breadcrumb"},"inLanguage":"ro-RO","potentialAction":[{"@type":"ReadAction","target":["https:\/\/dosario.ro\/blog\/amnisitie-fiscala-pentru-srl-si-pfa-cu-datorii-in-2024\/"]}]},{"@type":"ImageObject","inLanguage":"ro-RO","@id":"https:\/\/dosario.ro\/blog\/amnisitie-fiscala-pentru-srl-si-pfa-cu-datorii-in-2024\/#primaryimage","url":"https:\/\/dosario.ro\/blog\/wp-content\/uploads\/2024\/08\/WhatsApp-Image-2024-08-27-at-19.11.21.jpeg","contentUrl":"https:\/\/dosario.ro\/blog\/wp-content\/uploads\/2024\/08\/WhatsApp-Image-2024-08-27-at-19.11.21.jpeg","width":962,"height":387},{"@type":"BreadcrumbList","@id":"https:\/\/dosario.ro\/blog\/amnisitie-fiscala-pentru-srl-si-pfa-cu-datorii-in-2024\/#breadcrumb","itemListElement":[{"@type":"ListItem","position":1,"name":"Prima pagin\u0103","item":"https:\/\/dosario.ro\/blog\/"},{"@type":"ListItem","position":2,"name":"Amnistie fiscal\u0103 pentru SRL \u0219i PFA cu datorii \u00een 2024"}]},{"@type":"WebSite","@id":"https:\/\/dosario.ro\/blog\/#website","url":"https:\/\/dosario.ro\/blog\/","name":"Dosario","description":"Informa\u021bii noi despre \u00eenfiin\u021b\u0103ri, modific\u0103ri sau radieri de firme - Gestioneaz\u0103-\u021bi businessul online","publisher":{"@id":"https:\/\/dosario.ro\/blog\/#organization"},"potentialAction":[{"@type":"SearchAction","target":{"@type":"EntryPoint","urlTemplate":"https:\/\/dosario.ro\/blog\/?s={search_term_string}"},"query-input":{"@type":"PropertyValueSpecification","valueRequired":true,"valueName":"search_term_string"}}],"inLanguage":"ro-RO"},{"@type":"Organization","@id":"https:\/\/dosario.ro\/blog\/#organization","name":"Dosario Digital SRL","url":"https:\/\/dosario.ro\/blog\/","logo":{"@type":"ImageObject","inLanguage":"ro-RO","@id":"https:\/\/dosario.ro\/blog\/#\/schema\/logo\/image\/","url":"https:\/\/dosario.ro\/blog\/wp-content\/uploads\/2023\/06\/Logopack-png-08.png","contentUrl":"https:\/\/dosario.ro\/blog\/wp-content\/uploads\/2023\/06\/Logopack-png-08.png","width":1937,"height":1106,"caption":"Dosario Digital SRL"},"image":{"@id":"https:\/\/dosario.ro\/blog\/#\/schema\/logo\/image\/"},"sameAs":["https:\/\/www.facebook.com\/dosario.ro\/"]},{"@type":"Person","@id":"https:\/\/dosario.ro\/blog\/#\/schema\/person\/cdf638e905815a4f1b8d621acd6ff2a2","name":"Mara","image":{"@type":"ImageObject","inLanguage":"ro-RO","@id":"https:\/\/dosario.ro\/blog\/#\/schema\/person\/image\/","url":"https:\/\/secure.gravatar.com\/avatar\/8df35ab2e90adde4709c95404e161882deb18411819630e0d9e7d2ccd24f4633?s=96&d=mm&r=g","contentUrl":"https:\/\/secure.gravatar.com\/avatar\/8df35ab2e90adde4709c95404e161882deb18411819630e0d9e7d2ccd24f4633?s=96&d=mm&r=g","caption":"Mara"},"description":"Mara Iliescu scrie pentru Dosario.ro despre legisla\u021bie \u0219i antreprenoriat digital. Abordeaz\u0103 pe \u00een\u021belesul tuturor subiecte legate de \u00eenfiin\u021barea, modificarea \u0219i radierea firmelor, oferind solu\u021bii practice \u0219i actualizate pentru antreprenorii din Rom\u00e2nia.","sameAs":["https:\/\/dosario.ro"],"url":"https:\/\/dosario.ro\/blog\/author\/adrian-parvu\/"}]}},"_links":{"self":[{"href":"https:\/\/dosario.ro\/blog\/wp-json\/wp\/v2\/posts\/470","targetHints":{"allow":["GET"]}}],"collection":[{"href":"https:\/\/dosario.ro\/blog\/wp-json\/wp\/v2\/posts"}],"about":[{"href":"https:\/\/dosario.ro\/blog\/wp-json\/wp\/v2\/types\/post"}],"author":[{"embeddable":true,"href":"https:\/\/dosario.ro\/blog\/wp-json\/wp\/v2\/users\/2"}],"replies":[{"embeddable":true,"href":"https:\/\/dosario.ro\/blog\/wp-json\/wp\/v2\/comments?post=470"}],"version-history":[{"count":3,"href":"https:\/\/dosario.ro\/blog\/wp-json\/wp\/v2\/posts\/470\/revisions"}],"predecessor-version":[{"id":486,"href":"https:\/\/dosario.ro\/blog\/wp-json\/wp\/v2\/posts\/470\/revisions\/486"}],"wp:attachment":[{"href":"https:\/\/dosario.ro\/blog\/wp-json\/wp\/v2\/media?parent=470"}],"wp:term":[{"taxonomy":"category","embeddable":true,"href":"https:\/\/dosario.ro\/blog\/wp-json\/wp\/v2\/categories?post=470"},{"taxonomy":"post_tag","embeddable":true,"href":"https:\/\/dosario.ro\/blog\/wp-json\/wp\/v2\/tags?post=470"}],"curies":[{"name":"wp","href":"https:\/\/api.w.org\/{rel}","templated":true}]}}