{"id":1017,"date":"2025-11-14T18:18:57","date_gmt":"2025-11-14T15:18:57","guid":{"rendered":"https:\/\/dosario.ro\/blog\/?p=1017"},"modified":"2025-12-19T19:02:07","modified_gmt":"2025-12-19T16:02:07","slug":"infiintare-pfa-pentru-profesii-liberale-particularitati","status":"publish","type":"post","link":"https:\/\/dosario.ro\/blog\/infiintare-pfa-pentru-profesii-liberale-particularitati\/","title":{"rendered":"\u00cenfiin\u021bare PFA pentru profesii liberale &#8211; particularit\u0103\u021bi"},"content":{"rendered":"\n<p>Profesioni\u0219tii din domeniile liberale &#8211; medici, avoca\u021bi, arhitec\u021bi, contabili, consultan\u021bi fiscali, notari, exper\u021bi tehnici &#8211; se confrunt\u0103 cu un paradox: legisla\u021bia le cere s\u0103 desf\u0103\u0219oare activit\u0103\u021bi independente prin forme autorizate, dar procedurile de \u00eenfiin\u021bare sunt adesea complicate de cerin\u021be specifice profesiei. \u00cen 2025, o infiintare PFA profesii liberale presupune mult mai mult dec\u00e2t simpla \u00eenregistrare la ONRC si necesit\u0103 coordonare cu ordine profesionale, ob\u021binere avize specifice \u0219i respectarea unor reglement\u0103ri sectoriale stricte. Procesul este u\u0219or diferit fa\u021b\u0103 de cel pentru \u00eenfiin\u021barea <a href=\"https:\/\/dosario.ro\/blog\/infiintare-pfa-pentru-activitati-comerciale-pas-cu-pas\/\" target=\"_blank\" rel=\"noreferrer noopener\">PFA pentru activit\u0103\u021bi comerciale<\/a>. <\/p>\n\n\n\n<p><strong>Dosario.ro \u00een\u021belege aceste particularit\u0103\u021bi \u0219i ofer\u0103 asisten\u021b\u0103 complet\u0103 adaptat\u0103 fiec\u0103rei profesii liberale<\/strong>, de la verificarea documentelor specifice p\u00e2n\u0103 la coordonarea cu ordinele profesionale \u0219i depunerea integrat\u0103 a tuturor cererilor.<\/p>\n\n\n\n<div class=\"wp-block-buttons is-content-justification-center is-layout-flex wp-container-core-buttons-is-layout-16018d1d wp-block-buttons-is-layout-flex\">\n<div class=\"wp-block-button\"><a class=\"wp-block-button__link wp-element-button\" href=\"https:\/\/dosario.ro\/infiintare-pfa\" target=\"_blank\" rel=\"noreferrer noopener\">\u00cenfiin\u021beaz\u0103-\u021bi PFA online<\/a><\/div>\n<\/div>\n\n\n\n\n\n<h2 class=\"wp-block-heading\"><strong>Ce sunt profesiile liberale \u0219i de ce au regim special<\/strong><\/h2>\n\n\n\n<p>Profesiile liberale sunt activit\u0103\u021bi intelectuale independente, reglementate prin legi speciale \u0219i supravegheate de ordine sau colegii profesionale. Spre deosebire de activit\u0103\u021bile comerciale clasice, profesiile liberale presupun prestarea de servicii bazate pe cuno\u0219tin\u021be specializate, calificare universitar\u0103 \u0219i ader\u0103 la coduri deontologice stricte.<\/p>\n\n\n\n<p>\u00cen Rom\u00e2nia, categoriile principale de profesii liberale reglementate acoper\u0103 domeniul medical \u0219i sanitar, unde reg\u0103sim medicii de toate specialit\u0103\u021bile, medicii denti\u0219ti, farmaci\u0219tii, psihologii, asisten\u021bii medicali, fiziokinetoterapeu\u021bii \u0219i nutri\u021bioni\u0219tii. Domeniul juridic \u0219i fiscal include avoca\u021bii, notarii publici, executorii judec\u0103tore\u0219ti, consultan\u021bii fiscali \u0219i exper\u021bii contabili. Profesioni\u0219tii din domeniul tehnic &#8211; arhitec\u021bi, ingineri constructori, exper\u021bi tehnici autoriza\u021bi, topografi \u0219i urbani\u0219ti &#8211; formeaz\u0103 o alt\u0103 categorie important\u0103. Completeaz\u0103 tabloul traduc\u0103torii \u0219i interpre\u021bii autoriza\u021bi, evaluatorii autoriza\u021bi, auditorii financiari, consilierii juridici \u0219i veterinarii.<\/p>\n\n\n\n<h2 class=\"wp-block-heading\"><strong>De ce nu po\u021bi \u00eenfiin\u021ba PFA simplu ca pentru comer\u021b<\/strong><\/h2>\n\n\n\n<p>Pentru profesiile liberale, \u00eenregistrarea la ONRC este doar un pas dintr-un proces mai complex. \u00cenainte sau imediat dup\u0103 \u00eenregistrarea PFA, trebuie s\u0103 ob\u021bii autoriza\u021bia de liber\u0103 practic\u0103 de la ordinul sau colegiul profesional din care faci parte, avize specifice de la autorit\u0103\u021bi de reglementare precum DSP, ISU sau Ministerul Justi\u021biei \u00een func\u021bie de profesie, asigurare de r\u0103spundere civil\u0103 profesional\u0103 obligatorie care acoper\u0103 specific riscurile activit\u0103\u021bii tale \u0219i \u00eenregistrare \u00een registre speciale ale profesiei &#8211; Tabloul avoca\u021bilor, Registrul medicilor sau alte registre profesionale similare.<\/p>\n\n\n\n<p>F\u0103r\u0103 aceste documente, PFA-ul exist\u0103 legal la ONRC dar nu poate func\u021biona efectiv &#8211; nu po\u021bi emite facturi pentru servicii profesionale reglementate, nu po\u021bi semna contracte \u00een calitate de profesionist liber \u0219i ri\u0219ti amenzi substan\u021biale pentru exercitare ilegal\u0103 a profesiei. De aceea, procesul de \u00eenfiin\u021bare pentru profesii liberale necesit\u0103 o coordonare atent\u0103 \u00eentre multiple institu\u021bii \u0219i respectarea unei succesiuni logice de pa\u0219i.<\/p>\n\n\n\n<h2 class=\"wp-block-heading\"><strong>Particularit\u0103\u021bi pentru fiecare profesie liberal\u0103<\/strong><\/h2>\n\n\n\n<h3 class=\"wp-block-heading\"><strong>Medici &#8211; PFA cabinet medical individual<\/strong><\/h3>\n\n\n\n<p>Medicii care doresc s\u0103 \u00eenfiin\u021beze cabinet individual trebuie s\u0103 \u00eendeplineasc\u0103 cerin\u021be preliminare stricte. \u00cen primul r\u00e2nd, trebuie s\u0103 de\u021bin\u0103 diplom\u0103 de licen\u021b\u0103 \u00een medicin\u0103 recunoscut\u0103 \u00een Rom\u00e2nia, certificat de specialist pentru medicii speciali\u0219ti emis de Ministerul S\u0103n\u0103t\u0103\u021bii, s\u0103 fie membri activi ai <a href=\"https:\/\/www.cmr.ro\/\" target=\"_blank\" rel=\"noreferrer noopener nofollow\">Colegiului Medicilor din Rom\u00e2nia<\/a> cu cotiza\u021bia la zi \u0219i s\u0103 de\u021bin\u0103 certificatul de membru CMR pentru jude\u021bul \u00een care vor activa.<\/p>\n\n\n\n<p>Documentele specifice pentru \u00eenfiin\u021barea cabinetului medical includ autoriza\u021bia sanitar\u0103 de func\u021bionare de la Direc\u021bia de S\u0103n\u0103tate Public\u0103, avizul ISU pentru spa\u021biul \u00een care va func\u021biona cabinetul, eventual aviz sanitar-veterinar dac\u0103 desf\u0103\u0219ori anumite proceduri medicale, contract de colaborare cu un medic de gard\u0103 pentru anumite specialit\u0103\u021bi \u0219i asigurarea de malpraxis obligatorie.<\/p>\n\n\n\n<p><strong>Codul CAEN principal va fi 8621<\/strong> pentru activit\u0103\u021bi de asisten\u021b\u0103 medical\u0103 general\u0103 sau <strong>8622 \/ 8623 <\/strong>pentru activit\u0103\u021bi de asisten\u021b\u0103 medical\u0103 specializat\u0103.<\/p>\n\n\n\n<p>O particularitate fiscal\u0103 important\u0103 este c\u0103 medicii pot opta pentru impozit pe venit cu cote reduse conform normelor speciale, nu pentru normele de venit. Veniturile din activit\u0103\u021bi medicale beneficiaz\u0103 de regim fiscal specific care poate reduce semnificativ povara fiscal\u0103. <\/p>\n\n\n\n<h3 class=\"wp-block-heading\"><strong>Avoca\u021bi &#8211; PFA cabinet individual de avocat<\/strong><\/h3>\n\n\n\n<p>Pentru avoca\u021bi, cerin\u021bele preliminare includ de\u021binerea diplomei de licen\u021b\u0103 \u00een drept, absolvirea stagiului de avocat care dureaz\u0103 doi ani \u0219i promovarea examenului de capacitate, \u00eenscrierea activ\u0103 \u00een Tabloul avoca\u021bilor al baroului jude\u021bean sau al Bucure\u0219tiului \u0219i un carnet de avocat \u00een termen de valabilitate.<\/p>\n\n\n\n<p>Documentele specifice necesare sunt decizia de \u00eenscriere \u00een Tabloul avoca\u021bilor emis\u0103 de Baroul local, dovada sediului profesional acceptat\u0103 de Barou conform normelor lor interne, asigurarea de r\u0103spundere civil\u0103 profesional\u0103 obligatorie pentru avoca\u021bi \u0219i, \u00een unele barouri, avizul favorabil de la Barou pentru \u00eenfiin\u021barea PFA. <\/p>\n\n\n\n<p>Codul <strong>CAEN principal este 6910<\/strong> pentru activit\u0103\u021bi juridice.<\/p>\n\n\n\n<p>O particularitate critic\u0103 este c\u0103 avoca\u021bii nu pot \u00eenfiin\u021ba SRL pentru activit\u0103\u021bi de avocat &#8211; doar PFA, cabinet individual sau asocia\u021bii profesionale sub form\u0103 de societ\u0103\u021bi civile profesionale. Aceast\u0103 restric\u021bie vine din Legea 51\/1995 privind organizarea \u0219i exercitarea profesiei de avocat. Dup\u0103 \u00eenfiin\u021bare, exist\u0103 obliga\u021bia de notificare a Baroului \u00een termen de 15 zile \u0219i depunerea copiei certificatului ONRC. <\/p>\n\n\n\n<h2 class=\"wp-block-heading\"><strong>Arhitec\u021bi &#8211; PFA proiectare arhitectur\u0103<\/strong><\/h2>\n\n\n\n<p>Arhitec\u021bii trebuie s\u0103 de\u021bin\u0103 diplom\u0103 de licen\u021b\u0103 \u00een arhitectur\u0103, s\u0103 fie \u00eenscri\u0219i \u00een Ordinul Arhitec\u021bilor din Rom\u00e2nia \u0219i s\u0103 aib\u0103 certificat de atestare profesional\u0103 emis de OAR pentru categoria de proiectare pe care o vizeaz\u0103.<\/p>\n\n\n\n<p>Documentele specifice includ certificatul de atestare OAR valabil care se re\u00eennoie\u0219te periodic, certificatul de membru <a href=\"https:\/\/oar.archi\/despre-oar\/\" target=\"_blank\" rel=\"noreferrer noopener nofollow\">OAR<\/a> cu men\u021biunea categoriei de proiecte pe care le pot semna, asigurarea de r\u0103spundere civil\u0103 profesional\u0103 pentru proiectan\u021bi \u0219i, \u00een unele jude\u021be, avizul OAR pentru \u00eenfiin\u021barea cabinetului. <\/p>\n\n\n\n<p>Codul <strong>CAEN principal este 7111<\/strong> pentru activit\u0103\u021bi de arhitectur\u0103.<\/p>\n\n\n\n<p>Particularitatea esen\u021bial\u0103 este c\u0103 arhitec\u021bii pot semna doar proiecte \u00een limita categoriei de atestare pe care o de\u021bin &#8211; A, B, C sau D. Categoria determin\u0103 complexitatea proiectelor: cl\u0103diri cu maxim trei niveluri, peste trei niveluri, monumente istorice sau construc\u021bii complexe. <\/p>\n\n\n\n<h3 class=\"wp-block-heading\"><strong>Exper\u021bi contabili &#8211; PFA cabinet de expertiza contabil\u0103<\/strong><\/h3>\n\n\n\n<p>Exper\u021bii contabili trebuie s\u0103 aib\u0103 diplom\u0103 de licen\u021b\u0103 \u00een economie sau contabilitate, s\u0103 fi promovat examenul de expert contabil organizat de CECCAR, s\u0103 fie \u00eenscri\u0219i activi \u00een Corpul Exper\u021bilor Contabili \u0219i Contabililor Autoriza\u021bi din Rom\u00e2nia \u0219i s\u0103 de\u021bin\u0103 certificatul de expert contabil sau contabil autorizat \u00een termen de valabilitate.<\/p>\n\n\n\n<p>Pentru \u00eenfiin\u021bare sunt necesare certificatul de membru CECCAR cu men\u021biunea clar\u0103 a calit\u0103\u021bii de expert contabil sau contabil autorizat, dovada pl\u0103\u021bii cotiza\u021biei anuale la CECCAR, asigurarea de r\u0103spundere civil\u0103 profesional\u0103 pentru exper\u021bi contabili \u0219i avizul CECCAR pentru \u00eenfiin\u021barea cabinetului individual. <\/p>\n\n\n\n<p><strong>Codul CAEN principal este 6920 <\/strong>pentru activit\u0103\u021bi de contabilitate \u0219i audit financiar, consultan\u021b\u0103 \u00een domeniul fiscal.<\/p>\n\n\n\n<p>O particularitate important\u0103 este c\u0103 exper\u021bii contabili pot presta \u0219i servicii de audit financiar, dar doar dac\u0103 sunt \u00eenscri\u0219i simultan \u0219i \u00een Camera Auditorilor Financiari din Rom\u00e2nia &#8211; o \u00eenregistrare separat\u0103 cu cerin\u021be proprii. Exist\u0103 \u0219i obliga\u021bia continu\u0103 de participare la programe de formare profesional\u0103 continu\u0103, minimum 40 ore anual, pentru men\u021binerea calit\u0103\u021bii de membru CECCAR. <\/p>\n\n\n\n<h3 class=\"wp-block-heading\"><strong>Consultan\u021bi fiscali &#8211; PFA activit\u0103\u021bi de consultan\u021b\u0103 fiscal\u0103<\/strong><\/h3>\n\n\n\n<p>Consultan\u021bii fiscali trebuie s\u0103 de\u021bin\u0103 diplom\u0103 de licen\u021b\u0103 \u00een economie, drept sau alte domenii acceptate de Camera Consultan\u021bilor Fiscali, s\u0103 fi promovat examenul de consultant fiscal organizat de CCF, s\u0103 fie \u00eenscri\u0219i \u00een Registrul consultan\u021bilor fiscali \u021binut de CCF \u0219i s\u0103 aib\u0103 certificatul de consultant fiscal valabil.<\/p>\n\n\n\n<p>Documentele specifice sunt certificatul de membru al Camerei Consultan\u021bilor Fiscali, dovada pl\u0103\u021bii cotiza\u021biei anuale la CCF, asigurarea de r\u0103spundere civil\u0103 profesional\u0103 pentru consultan\u021bi fiscali \u0219i avizul CCF pentru desf\u0103\u0219urarea activit\u0103\u021bii \u00een sistem independent. <\/p>\n\n\n\n<p>Codul CAEN principal este acela\u0219i ca pentru exper\u021bii contabili &#8211; <strong>6920<\/strong>, dar activit\u0103\u021bile sunt distincte.<\/p>\n\n\n\n<p>Consultan\u021bii fiscali pot cumula aceast\u0103 activitate cu calitatea de expert contabil sau avocat dac\u0103 de\u021bin ambele calit\u0103\u021bi profesionale. \u00cen acest caz, PFA-ul va avea coduri CAEN multiple \u0219i va putea presta servicii integrate.<\/p>\n\n\n\n<h2 class=\"wp-block-heading\"><strong>Procedura general\u0103 de \u00eenfiin\u021bare PFA pentru profesii liberale<\/strong><\/h2>\n\n\n\n<h3 class=\"wp-block-heading\"><strong>Etapa 1: Preg\u0103tire \u0219i ob\u021binere documente preliminare<\/strong><\/h3>\n\n\n\n<p>\u00cenainte de a putea \u00eenfiin\u021ba PFA-ul, trebuie s\u0103 ob\u021bii documentele profesionale de baz\u0103:<\/p>\n\n\n\n<p><strong>Pentru toate profesiile:<\/strong><\/p>\n\n\n\n<ul class=\"wp-block-list\">\n<li>Verificare c\u0103 e\u0219ti membru activ al ordinului\/colegiului profesional<\/li>\n\n\n\n<li>Asigurare c\u0103 diploma \u0219i certificatele sunt recunoscute \u00een Rom\u00e2nia (pentru diplome str\u0103ine &#8211; procedur\u0103 de recunoa\u0219tere la CNRED)<\/li>\n\n\n\n<li>Plat\u0103 cotiza\u021bii profesionale la zi<\/li>\n\n\n\n<li>Identificare sediu profesional (cabinet) adecvat pentru activitate<\/li>\n<\/ul>\n\n\n\n<p><strong>Pentru profesii cu avize:<\/strong><\/p>\n\n\n\n<ul class=\"wp-block-list\">\n<li>Preg\u0103tire documenta\u021bie pentru autoriza\u021bii (DSP, ISU, etc.)<\/li>\n\n\n\n<li>Depunere cereri la autorit\u0103\u021bile competente<\/li>\n\n\n\n<li>Inspec\u021bii la fa\u021ba locului (unde sunt necesare)<\/li>\n\n\n\n<li>Ob\u021binere avize favorabile<\/li>\n<\/ul>\n\n\n\n<p><strong>Aten\u021bie la sediu:<\/strong> Pentru multe profesii liberale (medici, avoca\u021bi, arhitec\u021bi), sediul profesional trebuie s\u0103 \u00eendeplineasc\u0103 anumite cerin\u021be: suprafa\u021b\u0103 minim\u0103, compartimentare specific\u0103, dot\u0103ri obligatorii, accesibilitate. Verific\u0103 cerin\u021bele din normele profesionale \u00eenainte de a \u00eencheia contractul de \u00eenchiriere.<\/p>\n\n\n\n<h3 class=\"wp-block-heading\"><strong>Etapa 2: \u00cenregistrarea efectiv\u0103 a PFA la ONRC (3-5 zile)<\/strong><\/h3>\n\n\n\n<p><strong>Documente obligatorii standard:<\/strong><\/p>\n\n\n\n<ul class=\"wp-block-list\">\n<li>Cerere de \u00eenregistrare PFA (formular ONRC)<\/li>\n\n\n\n<li>Copie certificat\u0103 act de identitate<\/li>\n\n\n\n<li>Certificat de cazier judiciar (max. 6 luni vechime)<\/li>\n\n\n\n<li>Declara\u021bie pe propria r\u0103spundere privind \u00eendeplinirea condi\u021biilor legale<\/li>\n\n\n\n<li>Specimen de semn\u0103tur\u0103 autentificat notarial<\/li>\n\n\n\n<li>Dovada sediului profesional (contract \u00eenchiriere\/acord folosin\u021b\u0103\/proprietate)<\/li>\n<\/ul>\n\n\n\n<p><strong>Documente specifice profesiilor liberale (se anexeaz\u0103 dosarului ONRC):<\/strong><\/p>\n\n\n\n<ul class=\"wp-block-list\">\n<li>Copie certificat\u0103 a diplomei de studii universitare<\/li>\n\n\n\n<li>Certificat membru al ordinului\/colegiului profesional<\/li>\n\n\n\n<li>Certificat de specialist\/atestare profesional\u0103 (pentru profesii care le cer)<\/li>\n\n\n\n<li>Dovada asigur\u0103rii de r\u0103spundere civil\u0103 profesional\u0103 (poli\u021b\u0103 valabil\u0103)<\/li>\n\n\n\n<li>Avize specifice ob\u021binute (DSP, ISU, etc.) &#8211; unde sunt necesare<\/li>\n<\/ul>\n\n\n\n<p><strong>Cod CAEN:<\/strong> Alegerea codului CAEN corect este critic\u0103 pentru profesiile liberale. Codul trebuie s\u0103 corespund\u0103 exact cu activit\u0103\u021bile pe care le po\u021bi desf\u0103\u0219ura conform certific\u0103rilor profesionale. Un cod gre\u0219it poate duce la respingerea ulterioar\u0103 a documentelor de c\u0103tre ordinul profesional.<\/p>\n\n\n\n<p><strong>Depunere online vs fizic\u0103:<\/strong> Pentru profesiile liberale, depunerea online prin dosario.ro este posibil\u0103 \u0219i recomandat\u0103 (2-3 zile procesare), dar necesit\u0103 scanarea clar\u0103 a tuturor diplomelor \u0219i certific\u0103rilor profesionale. Alternativa este depunerea fizic\u0103 la ONRC jude\u021bean (5-7 zile procesare).<\/p>\n\n\n\n<h3 class=\"wp-block-heading\"><strong>Etapa 3: Notificarea ordinului profesional \u0219i \u00eenregistr\u0103ri suplimentare (1-2 s\u0103pt\u0103m\u00e2ni)<\/strong><\/h3>\n\n\n\n<p>Dup\u0103 primirea certificatului de \u00eenregistrare ONRC, trebuie s\u0103 notifici ordinul\/colegiul profesional:<\/p>\n\n\n\n<p><strong>Pentru medici:<\/strong><\/p>\n\n\n\n<ul class=\"wp-block-list\">\n<li>Notificare la Colegiul Medicilor cu certificatul ONRC<\/li>\n\n\n\n<li>\u00cenregistrare \u00een Registrul unic al cabinetelor medicale<\/li>\n\n\n\n<li>Raportare la DSP a \u00eenceperii activit\u0103\u021bii<\/li>\n\n\n\n<li>Ob\u021binere paraf\u0103 medical\u0103 personalizat\u0103 (unde este necesar)<\/li>\n<\/ul>\n\n\n\n<p><strong>Pentru avoca\u021bi:<\/strong><\/p>\n\n\n\n<ul class=\"wp-block-list\">\n<li>Notificare Barou \u00een termen de 15 zile cu certificatul ONRC<\/li>\n\n\n\n<li>Actualizare date \u00een Tabloul avoca\u021bilor cu sediul cabinetului<\/li>\n\n\n\n<li>\u00cenregistrare \u00een sistemul electronic al Baroului<\/li>\n<\/ul>\n\n\n\n<p><strong>Pentru arhitec\u021bi:<\/strong><\/p>\n\n\n\n<ul class=\"wp-block-list\">\n<li>Notificare OAR cu certificatul ONRC<\/li>\n\n\n\n<li>Actualizare date \u00een Registrul OAR<\/li>\n\n\n\n<li>Ob\u021binere \u0219tampil\u0103 profesional\u0103 cu num\u0103r de \u00eenregistrare OAR<\/li>\n<\/ul>\n\n\n\n<p><strong>Pentru exper\u021bi contabili \u0219i consultan\u021bi fiscali:<\/strong><\/p>\n\n\n\n<ul class=\"wp-block-list\">\n<li>Notificare CECCAR\/CCF cu certificatul ONRC<\/li>\n\n\n\n<li>Actualizare date \u00een registrul profesional<\/li>\n\n\n\n<li>Ob\u021binere drept de semn\u0103tur\u0103 pentru documentele contabile\/fiscale<\/li>\n<\/ul>\n\n\n\n<h3 class=\"wp-block-heading\"><strong>Etapa 4: \u00cenregistrare fiscal\u0103 \u0219i operational setup <\/strong><\/h3>\n\n\n\n<p><strong>La ANAF:<\/strong><\/p>\n\n\n\n<ul class=\"wp-block-list\">\n<li>\u00cenregistrare fiscal\u0103 automat\u0103 (verificare pe ghiseul.ro dup\u0103 2-3 zile)<\/li>\n\n\n\n<li>Dac\u0103 nu se face automat, depunere formular 010<\/li>\n\n\n\n<li>Ob\u021binere certificat de atestare fiscal\u0103<\/li>\n\n\n\n<li>\u00cenregistrare pentru TVA (dac\u0103 estimezi venituri peste 300.000 lei\/an)<\/li>\n<\/ul>\n\n\n\n<p><strong>Configurare opera\u021bional\u0103:<\/strong><\/p>\n\n\n\n<ul class=\"wp-block-list\">\n<li>Deschidere cont bancar dedicat activit\u0103\u021bii PFA<\/li>\n\n\n\n<li>Angajare contabil sau abonament platform\u0103 contabilitate online<\/li>\n\n\n\n<li>Confec\u021bionare \u0219tampil\u0103 PFA (cu men\u021biunile profesionale obligatorii)<\/li>\n\n\n\n<li>Setup sistem de facturare electronic<\/li>\n\n\n\n<li>Configurare registre obligatorii (registru consulta\u021bii pentru medici, registru ore lucrate pentru avoca\u021bi etc.)<\/li>\n<\/ul>\n\n\n\n<p>Dac\u0103 vrei s\u0103 aflii mai multe, \u021bi-am preg\u0103tit un <a href=\"https:\/\/dosario.ro\/blog\/ghid-infiintare-pfa-2025-de-la-idee-la-business\/\" target=\"_blank\" rel=\"noreferrer noopener\">ghid detaliat<\/a> \u00een care po\u021bi descoperi toate aspectele relevante la \u00eenfiin\u021barea unui PFA.<\/p>\n\n\n\n<h2 class=\"wp-block-heading\"><strong>De ce Dosario.ro pentru profesiile liberale<\/strong><\/h2>\n\n\n\n<h3 class=\"wp-block-heading\"><strong>Expertiz\u0103 demonstrat\u0103 \u00een profesii reglementate<\/strong><\/h3>\n\n\n\n<p>Am asistat sute de profesioni\u0219ti liberali \u00een \u00eenfiin\u021barea PFA-urilor: medici care deschid cabinete individuale, avoca\u021bi care se desprind de case de avocatur\u0103, arhitec\u021bi care trec la proiecte independente, exper\u021bi contabili care \u00ee\u0219i deschid propriile cabinete. \u00cen\u021belegem profund particularit\u0103\u021bile fiec\u0103rei profesii: ce documente solicit\u0103 fiecare ordin profesional, ce coduri CAEN sunt acceptate, ce men\u021biuni specifice trebuie incluse \u00een actele constitutive, cum se coordoneaz\u0103 \u00eenregistrarea ONRC cu notificarea la ordine.<\/p>\n\n\n\n<p>Nu te l\u0103s\u0103m s\u0103 navighezi singur prin cerin\u021bele multiple ale diferitelor institu\u021bii. Echipa Dosario:<\/p>\n\n\n\n<ul class=\"wp-block-list\">\n<li><strong>Verific\u0103 preliminar<\/strong> dac\u0103 ai toate certific\u0103rile necesare \u00eenainte de a \u00eencepe procesul<\/li>\n\n\n\n<li><strong>Coordoneaz\u0103<\/strong> cu ordinul\/colegiul t\u0103u profesional pentru a confirma cerin\u021bele exacte<\/li>\n\n\n\n<li><strong>Preg\u0103te\u0219te documenta\u021bia<\/strong> \u00een formatul solicitat de fiecare ordin \u00een parte<\/li>\n\n\n\n<li><strong>Asist\u0103<\/strong> la depunerea notific\u0103rilor post-\u00eenregistrare c\u0103tre ordine<\/li>\n\n\n\n<li><strong>Monitorizeaz\u0103<\/strong> \u00eentregul proces p\u00e2n\u0103 la activare complet\u0103<\/li>\n<\/ul>\n\n\n\n<h2 class=\"wp-block-heading\"><strong>Gre\u0219eli frecvente \u0219i cum le evi\u021bi<\/strong><\/h2>\n\n\n\n<h3 class=\"wp-block-heading\"><strong>1. \u00cenfiin\u021bare PFA f\u0103r\u0103 avize profesionale prealabile<\/strong><\/h3>\n\n\n\n<p>Gre\u0219eala: \u00cenregistrezi PFA la ONRC, apoi afli c\u0103 ordinul profesional nu \u00ee\u021bi recunoa\u0219te dreptul de practic\u0103 pentru c\u0103 lipsesc avize esen\u021biale (DSP pentru medici, avizul Baroului pentru avoca\u021bi).<\/p>\n\n\n\n<p>Solu\u021bie corect\u0103: Verific\u0103 cu ordinul profesional ce avize sunt necesare \u00ceNAINTE de \u00eenregistrare \u0219i ob\u021bine-le \u00een ordinea corect\u0103.<\/p>\n\n\n\n<h3 class=\"wp-block-heading\"><strong>2. Coduri CAEN incorecte sau incomplete<\/strong><\/h3>\n\n\n\n<p>Gre\u0219eala: Alegi codul CAEN generic \u00een loc de cel specific profesiei, sau ui\u021bi s\u0103 adaugi coduri secundare pentru activit\u0103\u021bi complementare pe care le vei presta.<\/p>\n\n\n\n<p>Exemplu concret: Medic specialist care alege doar 86.21 (medicin\u0103 general\u0103) \u00een loc de 86.22 (medicin\u0103 de specialitate), apoi nu poate factura consulta\u021biile de specialitate.<\/p>\n\n\n\n<p>Solu\u021bie corect\u0103: Consult\u0103 lista de coduri CAEN acceptate de ordinul t\u0103u profesional \u0219i include toate activit\u0103\u021bile pe care le vei desf\u0103\u0219ura.<\/p>\n\n\n\n<h3 class=\"wp-block-heading\"><strong>3. Sediu profesional neconform cu cerin\u021bele profesiei<\/strong><\/h3>\n\n\n\n<p>Gre\u0219eala: \u00cenchiriezi un spa\u021biu care nu \u00eendepline\u0219te cerin\u021bele minime: suprafa\u021b\u0103 insuficient\u0103, lipsa compartiment\u0103rii necesare, nerespectarea normelor de acces\/siguran\u021b\u0103.<\/p>\n\n\n\n<p>Exemplu: Cabinet medical \u00eentr-un apartament la etajul 4 f\u0103r\u0103 lift, \u00een timp ce normele DSP cer accesibilitate pentru persoane cu dizabilit\u0103\u021bi.<\/p>\n\n\n\n<p>Solu\u021bie corect\u0103: Consult\u0103 normele profesionale pentru sediu \u00ceNAINTE de a semna contractul de \u00eenchiriere. Dosario ofer\u0103 consultan\u021b\u0103 \u00een alegerea sediului conform cerin\u021belor.<\/p>\n\n\n\n<h3 class=\"wp-block-heading\"><strong>4. Asigurare RCP insuficient\u0103 sau inadecvat\u0103<\/strong><\/h3>\n\n\n\n<p>Gre\u0219eala: Cumperi prima poli\u021b\u0103 de asigurare g\u0103sit\u0103 online, f\u0103r\u0103 s\u0103 verifici dac\u0103 acoper\u0103 specific activit\u0103\u021bile tale profesionale \u0219i dac\u0103 limita de acoperire respect\u0103 cerin\u021bele ordinului.<\/p>\n\n\n\n<p>Exemplu: Arhitect cu asigurare de 50.000 euro limit\u0103, \u00een timp ce OAR cere minimum 100.000 euro pentru categoria sa de atestare.<\/p>\n\n\n\n<p>Solu\u021bie corect\u0103: Verific\u0103 cerin\u021bele minime de asigurare din normele ordinului \u0219i compar\u0103 ofertele de la asigur\u0103tori specializa\u021bi \u00een RCP profesional\u0103.<\/p>\n\n\n\n<h3 class=\"wp-block-heading\"><strong>5. Neglijarea obliga\u021biilor de formare profesional\u0103 continu\u0103<\/strong><\/h3>\n\n\n\n<p>Gre\u0219eala: Dup\u0103 \u00eenfiin\u021barea PFA, te concentrezi doar pe activitatea curent\u0103 \u0219i ui\u021bi de obliga\u021bia de formare profesional\u0103 continu\u0103 (minimum 40-60 ore\/an pentru majoritatea profesiilor).<\/p>\n\n\n\n<p>Consecin\u021b\u0103: La urm\u0103toarea evaluare a ordinului profesional, ri\u0219ti suspendarea calit\u0103\u021bii de membru \u0219i implicit imposibilitatea de a mai practica.<\/p>\n\n\n\n<p>Solu\u021bie corect\u0103: \u00censcrie-te din primul an la programe de formare organizate de ordin \u0219i p\u0103streaz\u0103 dovezile de participare.<\/p>\n\n\n\n<h2 class=\"wp-block-heading\"><strong>Profesionalism din prima zi<\/strong><\/h2>\n\n\n\n<p>\u00cenfiin\u021barea unui PFA pentru profesii liberale \u00een 2025 este mai complex\u0103 dec\u00e2t pentru activit\u0103\u021bi comerciale clasice, dar aceast\u0103 complexitate reflect\u0103 importan\u021ba \u0219i responsabilitatea profesiei tale. Documentele suplimentare, avizele specifice \u0219i coordonarea cu ordinele profesionale nu sunt birocra\u021bie inutil\u0103 &#8211; sunt garan\u021bii c\u0103 vei practica legal, protejat \u0219i recunoscut oficial ca profesionist calificat.<\/p>\n\n\n\n<p><strong>Dosario.ro transform\u0103 aceast\u0103 complexitate \u00eentr-un proces simplu \u0219i sigur<\/strong>, ocup\u00e2ndu-se de toate aspectele tehnice \u0219i juridice: de la verificarea preliminar\u0103 a certific\u0103rilor p\u00e2n\u0103 la coordonarea cu ordinul profesional \u0219i asisten\u021ba pentru avize. \u00cen loc s\u0103 petreci luni de zile navig\u00e2nd prin cerin\u021be contradictorii \u0219i refac\u00e2nd dosare, \u00eencepi s\u0103 practici legal \u00een 2-3 s\u0103pt\u0103m\u00e2ni, cu garan\u021bia conformit\u0103\u021bii complete.<\/p>\n\n\n\n<p>Timpul t\u0103u de profesionist liber valoreaz\u0103 mult &#8211; investe\u0219te-l \u00een ceea ce faci cel mai bine (tratarea pacien\u021bilor, pledarea cauzelor, proiectarea construc\u021biilor, consultan\u021ba fiscal\u0103), nu \u00een birocra\u021bie. Cu Dosario al\u0103turi, porne\u0219ti cu dreptul din prima zi.<\/p>\n\n\n\n<p><strong>Nu mai am\u00e2na! \u00cencepe-\u021bi cariera independent\u0103 cu Dosario.ro &#8211; \u00eenfiin\u021b\u0103m PFA-ul corect din prima, conform cu toate cerin\u021bele profesiei tale. Tu te concentrezi pe pacien\u021bi\/clien\u021bi, noi ne ocup\u0103m de toat\u0103 birocra\u021bia.<\/strong><\/p>\n\n\n\n<p><\/p>\n","protected":false},"excerpt":{"rendered":"<p>Profesioni\u0219tii din domeniile liberale &#8211; medici, avoca\u021bi, arhitec\u021bi, contabili, consultan\u021bi fiscali, notari, exper\u021bi tehnici &#8211; se confrunt\u0103 cu un paradox: legisla\u021bia le cere s\u0103 desf\u0103\u0219oare&#8230;<\/p>\n","protected":false},"author":5,"featured_media":1020,"comment_status":"closed","ping_status":"open","sticky":false,"template":"","format":"standard","meta":{"_kad_post_transparent":"","_kad_post_title":"","_kad_post_layout":"","_kad_post_sidebar_id":"","_kad_post_content_style":"","_kad_post_vertical_padding":"","_kad_post_feature":"","_kad_post_feature_position":"","_kad_post_header":false,"_kad_post_footer":false,"_kad_post_classname":"","footnotes":""},"categories":[261,17,210,213],"tags":[326,119,325,329,328,324,327],"class_list":["post-1017","post","type-post","status-publish","format-standard","has-post-thumbnail","hentry","category-ghidurile-dosario","category-infiintare-firma","category-infiintare-pfa","category-obligatii-firma","tag-avize-profesii-liberale","tag-dosario-ro","tag-infiintare-pfa-2025","tag-infiintare-pfa-online","tag-ordine-profesionale-romania","tag-pfa-profesii-liberale","tag-proceduri-pfa-liber-profesionisti"],"yoast_head":"<!-- This site is optimized with the Yoast SEO plugin v26.6 - https:\/\/yoast.com\/wordpress\/plugins\/seo\/ -->\n<title>Infiintare PFA pentru profesii liberale \u00een 2025 \u2013 Ghid complet<\/title>\n<meta name=\"description\" content=\"Afl\u0103 cum se face \u00eenfiin\u021barea unui PFA pentru profesii liberale. Proceduri, avize, coordonare cu ordine profesionale \u0219i alte cerinte.\" \/>\n<meta name=\"robots\" content=\"index, follow, max-snippet:-1, max-image-preview:large, max-video-preview:-1\" \/>\n<link rel=\"canonical\" href=\"https:\/\/dosario.ro\/blog\/infiintare-pfa-pentru-profesii-liberale-particularitati\/\" \/>\n<meta property=\"og:locale\" content=\"ro_RO\" \/>\n<meta property=\"og:type\" content=\"article\" \/>\n<meta property=\"og:title\" content=\"Infiintare PFA pentru profesii liberale \u00een 2025 \u2013 Ghid complet\" \/>\n<meta property=\"og:description\" content=\"Afl\u0103 cum se face \u00eenfiin\u021barea unui PFA pentru profesii liberale. Proceduri, avize, coordonare cu ordine profesionale \u0219i alte cerinte.\" \/>\n<meta property=\"og:url\" content=\"https:\/\/dosario.ro\/blog\/infiintare-pfa-pentru-profesii-liberale-particularitati\/\" \/>\n<meta property=\"og:site_name\" content=\"Dosario\" \/>\n<meta property=\"article:publisher\" content=\"https:\/\/www.facebook.com\/dosario.ro\/\" \/>\n<meta property=\"article:published_time\" content=\"2025-11-14T15:18:57+00:00\" \/>\n<meta property=\"article:modified_time\" content=\"2025-12-19T16:02:07+00:00\" \/>\n<meta property=\"og:image\" content=\"http:\/\/dosario.ro\/blog\/wp-content\/uploads\/2025\/11\/infiintare-PFA-profesii-liberale-1.png\" \/>\n\t<meta property=\"og:image:width\" content=\"1200\" \/>\n\t<meta property=\"og:image:height\" content=\"630\" \/>\n\t<meta property=\"og:image:type\" content=\"image\/png\" \/>\n<meta name=\"author\" content=\"Redac\u021bia Dosario\" \/>\n<meta name=\"twitter:card\" content=\"summary_large_image\" \/>\n<meta name=\"twitter:label1\" content=\"Scris de\" \/>\n\t<meta name=\"twitter:data1\" content=\"Redac\u021bia Dosario\" \/>\n\t<meta name=\"twitter:label2\" content=\"Timp estimat pentru citire\" \/>\n\t<meta name=\"twitter:data2\" content=\"14 minute\" \/>\n<script type=\"application\/ld+json\" class=\"yoast-schema-graph\">{\"@context\":\"https:\/\/schema.org\",\"@graph\":[{\"@type\":\"Article\",\"@id\":\"https:\/\/dosario.ro\/blog\/infiintare-pfa-pentru-profesii-liberale-particularitati\/#article\",\"isPartOf\":{\"@id\":\"https:\/\/dosario.ro\/blog\/infiintare-pfa-pentru-profesii-liberale-particularitati\/\"},\"author\":{\"name\":\"Redac\u021bia Dosario\",\"@id\":\"https:\/\/dosario.ro\/blog\/#\/schema\/person\/34a5054e447cc7deeee4d9688bca16d4\"},\"headline\":\"\u00cenfiin\u021bare PFA pentru profesii liberale &#8211; particularit\u0103\u021bi\",\"datePublished\":\"2025-11-14T15:18:57+00:00\",\"dateModified\":\"2025-12-19T16:02:07+00:00\",\"mainEntityOfPage\":{\"@id\":\"https:\/\/dosario.ro\/blog\/infiintare-pfa-pentru-profesii-liberale-particularitati\/\"},\"wordCount\":2716,\"publisher\":{\"@id\":\"https:\/\/dosario.ro\/blog\/#organization\"},\"image\":{\"@id\":\"https:\/\/dosario.ro\/blog\/infiintare-pfa-pentru-profesii-liberale-particularitati\/#primaryimage\"},\"thumbnailUrl\":\"https:\/\/dosario.ro\/blog\/wp-content\/uploads\/2025\/11\/infiintare-PFA-profesii-liberale-1.png\",\"keywords\":[\"avize profesii liberale\",\"dosario.ro\",\"\u00eenfiin\u021bare PFA 2025\",\"\u00eenfiin\u021bare PFA online\",\"ordine profesionale Rom\u00e2nia\",\"PFA profesii liberale\",\"proceduri PFA liber profesioni\u0219ti\"],\"articleSection\":[\"Ghidurile Dosario\",\"Infiintare firma\",\"Infiintare PFA\",\"Obligatii firma\"],\"inLanguage\":\"ro-RO\"},{\"@type\":\"WebPage\",\"@id\":\"https:\/\/dosario.ro\/blog\/infiintare-pfa-pentru-profesii-liberale-particularitati\/\",\"url\":\"https:\/\/dosario.ro\/blog\/infiintare-pfa-pentru-profesii-liberale-particularitati\/\",\"name\":\"Infiintare PFA pentru profesii liberale \u00een 2025 \u2013 Ghid complet\",\"isPartOf\":{\"@id\":\"https:\/\/dosario.ro\/blog\/#website\"},\"primaryImageOfPage\":{\"@id\":\"https:\/\/dosario.ro\/blog\/infiintare-pfa-pentru-profesii-liberale-particularitati\/#primaryimage\"},\"image\":{\"@id\":\"https:\/\/dosario.ro\/blog\/infiintare-pfa-pentru-profesii-liberale-particularitati\/#primaryimage\"},\"thumbnailUrl\":\"https:\/\/dosario.ro\/blog\/wp-content\/uploads\/2025\/11\/infiintare-PFA-profesii-liberale-1.png\",\"datePublished\":\"2025-11-14T15:18:57+00:00\",\"dateModified\":\"2025-12-19T16:02:07+00:00\",\"description\":\"Afl\u0103 cum se face \u00eenfiin\u021barea unui PFA pentru profesii liberale. Proceduri, avize, coordonare cu ordine profesionale \u0219i alte cerinte.\",\"breadcrumb\":{\"@id\":\"https:\/\/dosario.ro\/blog\/infiintare-pfa-pentru-profesii-liberale-particularitati\/#breadcrumb\"},\"inLanguage\":\"ro-RO\",\"potentialAction\":[{\"@type\":\"ReadAction\",\"target\":[\"https:\/\/dosario.ro\/blog\/infiintare-pfa-pentru-profesii-liberale-particularitati\/\"]}]},{\"@type\":\"ImageObject\",\"inLanguage\":\"ro-RO\",\"@id\":\"https:\/\/dosario.ro\/blog\/infiintare-pfa-pentru-profesii-liberale-particularitati\/#primaryimage\",\"url\":\"https:\/\/dosario.ro\/blog\/wp-content\/uploads\/2025\/11\/infiintare-PFA-profesii-liberale-1.png\",\"contentUrl\":\"https:\/\/dosario.ro\/blog\/wp-content\/uploads\/2025\/11\/infiintare-PFA-profesii-liberale-1.png\",\"width\":1200,\"height\":630},{\"@type\":\"BreadcrumbList\",\"@id\":\"https:\/\/dosario.ro\/blog\/infiintare-pfa-pentru-profesii-liberale-particularitati\/#breadcrumb\",\"itemListElement\":[{\"@type\":\"ListItem\",\"position\":1,\"name\":\"Prima pagin\u0103\",\"item\":\"https:\/\/dosario.ro\/blog\/\"},{\"@type\":\"ListItem\",\"position\":2,\"name\":\"\u00cenfiin\u021bare PFA pentru profesii liberale &#8211; particularit\u0103\u021bi\"}]},{\"@type\":\"WebSite\",\"@id\":\"https:\/\/dosario.ro\/blog\/#website\",\"url\":\"https:\/\/dosario.ro\/blog\/\",\"name\":\"Dosario\",\"description\":\"Informa\u021bii noi despre \u00eenfiin\u021b\u0103ri, modific\u0103ri sau radieri de firme - Gestioneaz\u0103-\u021bi businessul online\",\"publisher\":{\"@id\":\"https:\/\/dosario.ro\/blog\/#organization\"},\"potentialAction\":[{\"@type\":\"SearchAction\",\"target\":{\"@type\":\"EntryPoint\",\"urlTemplate\":\"https:\/\/dosario.ro\/blog\/?s={search_term_string}\"},\"query-input\":{\"@type\":\"PropertyValueSpecification\",\"valueRequired\":true,\"valueName\":\"search_term_string\"}}],\"inLanguage\":\"ro-RO\"},{\"@type\":\"Organization\",\"@id\":\"https:\/\/dosario.ro\/blog\/#organization\",\"name\":\"Dosario Digital SRL\",\"url\":\"https:\/\/dosario.ro\/blog\/\",\"logo\":{\"@type\":\"ImageObject\",\"inLanguage\":\"ro-RO\",\"@id\":\"https:\/\/dosario.ro\/blog\/#\/schema\/logo\/image\/\",\"url\":\"https:\/\/dosario.ro\/blog\/wp-content\/uploads\/2023\/06\/Logopack-png-08.png\",\"contentUrl\":\"https:\/\/dosario.ro\/blog\/wp-content\/uploads\/2023\/06\/Logopack-png-08.png\",\"width\":1937,\"height\":1106,\"caption\":\"Dosario Digital SRL\"},\"image\":{\"@id\":\"https:\/\/dosario.ro\/blog\/#\/schema\/logo\/image\/\"},\"sameAs\":[\"https:\/\/www.facebook.com\/dosario.ro\/\"]},{\"@type\":\"Person\",\"@id\":\"https:\/\/dosario.ro\/blog\/#\/schema\/person\/34a5054e447cc7deeee4d9688bca16d4\",\"name\":\"Redac\u021bia Dosario\",\"image\":{\"@type\":\"ImageObject\",\"inLanguage\":\"ro-RO\",\"@id\":\"https:\/\/dosario.ro\/blog\/#\/schema\/person\/image\/\",\"url\":\"https:\/\/secure.gravatar.com\/avatar\/675d63190514b3f60d5cbcaab003105c175d57adce97777f395e3c56cf5aa495?s=96&d=mm&r=g\",\"contentUrl\":\"https:\/\/secure.gravatar.com\/avatar\/675d63190514b3f60d5cbcaab003105c175d57adce97777f395e3c56cf5aa495?s=96&d=mm&r=g\",\"caption\":\"Redac\u021bia Dosario\"},\"url\":\"https:\/\/dosario.ro\/blog\/author\/redactia-dosario\/\"}]}<\/script>\n<!-- \/ Yoast SEO plugin. -->","yoast_head_json":{"title":"Infiintare PFA pentru profesii liberale \u00een 2025 \u2013 Ghid complet","description":"Afl\u0103 cum se face \u00eenfiin\u021barea unui PFA pentru profesii liberale. Proceduri, avize, coordonare cu ordine profesionale \u0219i alte cerinte.","robots":{"index":"index","follow":"follow","max-snippet":"max-snippet:-1","max-image-preview":"max-image-preview:large","max-video-preview":"max-video-preview:-1"},"canonical":"https:\/\/dosario.ro\/blog\/infiintare-pfa-pentru-profesii-liberale-particularitati\/","og_locale":"ro_RO","og_type":"article","og_title":"Infiintare PFA pentru profesii liberale \u00een 2025 \u2013 Ghid complet","og_description":"Afl\u0103 cum se face \u00eenfiin\u021barea unui PFA pentru profesii liberale. Proceduri, avize, coordonare cu ordine profesionale \u0219i alte cerinte.","og_url":"https:\/\/dosario.ro\/blog\/infiintare-pfa-pentru-profesii-liberale-particularitati\/","og_site_name":"Dosario","article_publisher":"https:\/\/www.facebook.com\/dosario.ro\/","article_published_time":"2025-11-14T15:18:57+00:00","article_modified_time":"2025-12-19T16:02:07+00:00","og_image":[{"width":1200,"height":630,"url":"http:\/\/dosario.ro\/blog\/wp-content\/uploads\/2025\/11\/infiintare-PFA-profesii-liberale-1.png","type":"image\/png"}],"author":"Redac\u021bia Dosario","twitter_card":"summary_large_image","twitter_misc":{"Scris de":"Redac\u021bia Dosario","Timp estimat pentru citire":"14 minute"},"schema":{"@context":"https:\/\/schema.org","@graph":[{"@type":"Article","@id":"https:\/\/dosario.ro\/blog\/infiintare-pfa-pentru-profesii-liberale-particularitati\/#article","isPartOf":{"@id":"https:\/\/dosario.ro\/blog\/infiintare-pfa-pentru-profesii-liberale-particularitati\/"},"author":{"name":"Redac\u021bia Dosario","@id":"https:\/\/dosario.ro\/blog\/#\/schema\/person\/34a5054e447cc7deeee4d9688bca16d4"},"headline":"\u00cenfiin\u021bare PFA pentru profesii liberale &#8211; particularit\u0103\u021bi","datePublished":"2025-11-14T15:18:57+00:00","dateModified":"2025-12-19T16:02:07+00:00","mainEntityOfPage":{"@id":"https:\/\/dosario.ro\/blog\/infiintare-pfa-pentru-profesii-liberale-particularitati\/"},"wordCount":2716,"publisher":{"@id":"https:\/\/dosario.ro\/blog\/#organization"},"image":{"@id":"https:\/\/dosario.ro\/blog\/infiintare-pfa-pentru-profesii-liberale-particularitati\/#primaryimage"},"thumbnailUrl":"https:\/\/dosario.ro\/blog\/wp-content\/uploads\/2025\/11\/infiintare-PFA-profesii-liberale-1.png","keywords":["avize profesii liberale","dosario.ro","\u00eenfiin\u021bare PFA 2025","\u00eenfiin\u021bare PFA online","ordine profesionale Rom\u00e2nia","PFA profesii liberale","proceduri PFA liber profesioni\u0219ti"],"articleSection":["Ghidurile Dosario","Infiintare firma","Infiintare PFA","Obligatii firma"],"inLanguage":"ro-RO"},{"@type":"WebPage","@id":"https:\/\/dosario.ro\/blog\/infiintare-pfa-pentru-profesii-liberale-particularitati\/","url":"https:\/\/dosario.ro\/blog\/infiintare-pfa-pentru-profesii-liberale-particularitati\/","name":"Infiintare PFA pentru profesii liberale \u00een 2025 \u2013 Ghid complet","isPartOf":{"@id":"https:\/\/dosario.ro\/blog\/#website"},"primaryImageOfPage":{"@id":"https:\/\/dosario.ro\/blog\/infiintare-pfa-pentru-profesii-liberale-particularitati\/#primaryimage"},"image":{"@id":"https:\/\/dosario.ro\/blog\/infiintare-pfa-pentru-profesii-liberale-particularitati\/#primaryimage"},"thumbnailUrl":"https:\/\/dosario.ro\/blog\/wp-content\/uploads\/2025\/11\/infiintare-PFA-profesii-liberale-1.png","datePublished":"2025-11-14T15:18:57+00:00","dateModified":"2025-12-19T16:02:07+00:00","description":"Afl\u0103 cum se face \u00eenfiin\u021barea unui PFA pentru profesii liberale. Proceduri, avize, coordonare cu ordine profesionale \u0219i alte cerinte.","breadcrumb":{"@id":"https:\/\/dosario.ro\/blog\/infiintare-pfa-pentru-profesii-liberale-particularitati\/#breadcrumb"},"inLanguage":"ro-RO","potentialAction":[{"@type":"ReadAction","target":["https:\/\/dosario.ro\/blog\/infiintare-pfa-pentru-profesii-liberale-particularitati\/"]}]},{"@type":"ImageObject","inLanguage":"ro-RO","@id":"https:\/\/dosario.ro\/blog\/infiintare-pfa-pentru-profesii-liberale-particularitati\/#primaryimage","url":"https:\/\/dosario.ro\/blog\/wp-content\/uploads\/2025\/11\/infiintare-PFA-profesii-liberale-1.png","contentUrl":"https:\/\/dosario.ro\/blog\/wp-content\/uploads\/2025\/11\/infiintare-PFA-profesii-liberale-1.png","width":1200,"height":630},{"@type":"BreadcrumbList","@id":"https:\/\/dosario.ro\/blog\/infiintare-pfa-pentru-profesii-liberale-particularitati\/#breadcrumb","itemListElement":[{"@type":"ListItem","position":1,"name":"Prima pagin\u0103","item":"https:\/\/dosario.ro\/blog\/"},{"@type":"ListItem","position":2,"name":"\u00cenfiin\u021bare PFA pentru profesii liberale &#8211; particularit\u0103\u021bi"}]},{"@type":"WebSite","@id":"https:\/\/dosario.ro\/blog\/#website","url":"https:\/\/dosario.ro\/blog\/","name":"Dosario","description":"Informa\u021bii noi despre \u00eenfiin\u021b\u0103ri, modific\u0103ri sau radieri de firme - Gestioneaz\u0103-\u021bi businessul online","publisher":{"@id":"https:\/\/dosario.ro\/blog\/#organization"},"potentialAction":[{"@type":"SearchAction","target":{"@type":"EntryPoint","urlTemplate":"https:\/\/dosario.ro\/blog\/?s={search_term_string}"},"query-input":{"@type":"PropertyValueSpecification","valueRequired":true,"valueName":"search_term_string"}}],"inLanguage":"ro-RO"},{"@type":"Organization","@id":"https:\/\/dosario.ro\/blog\/#organization","name":"Dosario Digital SRL","url":"https:\/\/dosario.ro\/blog\/","logo":{"@type":"ImageObject","inLanguage":"ro-RO","@id":"https:\/\/dosario.ro\/blog\/#\/schema\/logo\/image\/","url":"https:\/\/dosario.ro\/blog\/wp-content\/uploads\/2023\/06\/Logopack-png-08.png","contentUrl":"https:\/\/dosario.ro\/blog\/wp-content\/uploads\/2023\/06\/Logopack-png-08.png","width":1937,"height":1106,"caption":"Dosario Digital SRL"},"image":{"@id":"https:\/\/dosario.ro\/blog\/#\/schema\/logo\/image\/"},"sameAs":["https:\/\/www.facebook.com\/dosario.ro\/"]},{"@type":"Person","@id":"https:\/\/dosario.ro\/blog\/#\/schema\/person\/34a5054e447cc7deeee4d9688bca16d4","name":"Redac\u021bia Dosario","image":{"@type":"ImageObject","inLanguage":"ro-RO","@id":"https:\/\/dosario.ro\/blog\/#\/schema\/person\/image\/","url":"https:\/\/secure.gravatar.com\/avatar\/675d63190514b3f60d5cbcaab003105c175d57adce97777f395e3c56cf5aa495?s=96&d=mm&r=g","contentUrl":"https:\/\/secure.gravatar.com\/avatar\/675d63190514b3f60d5cbcaab003105c175d57adce97777f395e3c56cf5aa495?s=96&d=mm&r=g","caption":"Redac\u021bia Dosario"},"url":"https:\/\/dosario.ro\/blog\/author\/redactia-dosario\/"}]}},"_links":{"self":[{"href":"https:\/\/dosario.ro\/blog\/wp-json\/wp\/v2\/posts\/1017","targetHints":{"allow":["GET"]}}],"collection":[{"href":"https:\/\/dosario.ro\/blog\/wp-json\/wp\/v2\/posts"}],"about":[{"href":"https:\/\/dosario.ro\/blog\/wp-json\/wp\/v2\/types\/post"}],"author":[{"embeddable":true,"href":"https:\/\/dosario.ro\/blog\/wp-json\/wp\/v2\/users\/5"}],"replies":[{"embeddable":true,"href":"https:\/\/dosario.ro\/blog\/wp-json\/wp\/v2\/comments?post=1017"}],"version-history":[{"count":5,"href":"https:\/\/dosario.ro\/blog\/wp-json\/wp\/v2\/posts\/1017\/revisions"}],"predecessor-version":[{"id":1219,"href":"https:\/\/dosario.ro\/blog\/wp-json\/wp\/v2\/posts\/1017\/revisions\/1219"}],"wp:featuredmedia":[{"embeddable":true,"href":"https:\/\/dosario.ro\/blog\/wp-json\/wp\/v2\/media\/1020"}],"wp:attachment":[{"href":"https:\/\/dosario.ro\/blog\/wp-json\/wp\/v2\/media?parent=1017"}],"wp:term":[{"taxonomy":"category","embeddable":true,"href":"https:\/\/dosario.ro\/blog\/wp-json\/wp\/v2\/categories?post=1017"},{"taxonomy":"post_tag","embeddable":true,"href":"https:\/\/dosario.ro\/blog\/wp-json\/wp\/v2\/tags?post=1017"}],"curies":[{"name":"wp","href":"https:\/\/api.w.org\/{rel}","templated":true}]}}